{"id":9260,"date":"2016-02-28T08:05:53","date_gmt":"2016-02-28T07:05:53","guid":{"rendered":"http:\/\/www.frankensicht.de\/?p=9260"},"modified":"2016-02-28T08:05:53","modified_gmt":"2016-02-28T07:05:53","slug":"wald-schuetzen-und-waldbesitzer-staerken","status":"publish","type":"post","link":"https:\/\/www.frankensicht.de\/?p=9260","title":{"rendered":"Wald sch\u00fctzen und Waldbesitzer st\u00e4rken"},"content":{"rendered":"<p><span style=\"color: #ff0000;\">Berlin:<\/span><\/p>\n<p>Wald sch\u00fctzen und Waldbesitzer st\u00e4rken<br \/>\nBundesminister Schmidt bringt neues Wald- und Jagdgesetz auf den Weg<\/p>\n<p>Bundeslandwirtschaftsminister Christian Schmidt erkl\u00e4rte dazu: &#8222;Unsere Maxime hei\u00dft sch\u00fctzen und n\u00fctzen. Der Wald bringt uns wirtschaftliche Ertr\u00e4ge und Erholung, dient dem Klimaschutz und beherbergt eine vielf\u00e4ltige Tier- und Pflanzenwelt. Mit dem neuen Gesetz haben wir es geschafft, insbesondere die Bewirtschafter kleinerer Waldfl\u00e4chen bei der nachhaltigen Waldbewirtschaftung zu unterst\u00fctzen. Mein Ziel ist die St\u00e4rkung insbesondere der Besitzer kleinerer W\u00e4lder und die Sicherung einer zukunftsf\u00e4higen, nachhaltigen Jagd.&#8220;<\/p>\n<p><a href=\"https:\/\/www.frankensicht.de\/?attachment_id=8505\" rel=\"attachment wp-att-8505\"><img loading=\"lazy\" decoding=\"async\" class=\"alignnone size-medium wp-image-8505\" src=\"https:\/\/www.frankensicht.de\/wp-content\/uploads\/2015\/05\/P1030464-300x225.jpg\" alt=\"P1030464\" width=\"300\" height=\"225\" srcset=\"https:\/\/www.frankensicht.de\/wp-content\/uploads\/2015\/05\/P1030464-300x225.jpg 300w, https:\/\/www.frankensicht.de\/wp-content\/uploads\/2015\/05\/P1030464.jpg 640w\" sizes=\"auto, (max-width: 300px) 100vw, 300px\" \/><\/a><\/p>\n<p>Die geplante \u00c4nderung des Bundeswaldgesetzes tr\u00e4gt daf\u00fcr Sorge, dass den Waldbesitzern bei den der Holzvermarktung vorgelagerten forstlichen Dienstleistungen (z.B. Markierung der B\u00e4ume) eine qualifizierte Beratung auch durch staatliche F\u00f6rster angeboten werden kann. Die Bewirtschafter von kleineren Waldfl\u00e4chen unterst\u00fctzt das geplante Gesetz dabei, eigenverantwortlich die mit der nachhaltigen Waldbewirtschaftung verkn\u00fcpften Gemeinwohlleistungen zu erbringen. Der Gesetzentwurf betont ausdr\u00fccklich die Bedeutung des privaten Waldbesitzes sowie der Forstbetriebsgemeinschaften f\u00fcr die Daseinsvorsorge im Cluster Forst und Holz.<br \/>\nMit den \u00c4nderungen des Bundesjagdgesetzes setzt das BMEL unter anderem seine Vorstellungen f\u00fcr eine Minimierung des Bleis in Jagdmunition um, die gleichzeitig Anforderungen des Tierschutzes ber\u00fccksichtigen. Zus\u00e4tzlich werden die Inhalte der J\u00e4gerausbildung und der Pr\u00fcfung an zeitgem\u00e4\u00dfe Anforderungen angepasst.<\/p>\n<p>Die Ressortabstimmung \u00fcber den Entwurf zur \u00c4nderung des Bundeswaldgesetzes (BWaldG) und des Bundesjagdgesetzes (BJagdG) ist abgeschlossen.<br \/>\nDer Gesetzentwurf der Bundesregierung geht noch heute in die L\u00e4nder- und Verb\u00e4ndebeteiligung. F\u00fcr Mitte M\u00e4rz sind die Anh\u00f6rungen der L\u00e4nder und Verb\u00e4nde geplant. Anschlie\u00dfend ist die Befassung durch das Bundeskabinett und die Einleitung des Gesetzgebungsverfahrens vorgesehen.<\/p>\n<p>Quelle:bmel.bund.de<\/p>\n","protected":false},"excerpt":{"rendered":"<p>Berlin: Wald sch\u00fctzen und Waldbesitzer st\u00e4rken Bundesminister Schmidt bringt neues Wald- und Jagdgesetz auf den Weg Bundeslandwirtschaftsminister Christian Schmidt erkl\u00e4rte dazu: &#8222;Unsere Maxime hei\u00dft sch\u00fctzen und n\u00fctzen. Der Wald bringt uns wirtschaftliche Ertr\u00e4ge und Erholung, dient dem Klimaschutz und beherbergt eine vielf\u00e4ltige Tier- und Pflanzenwelt. Mit dem neuen Gesetz haben wir es geschafft, insbesondere die [&hellip;]<\/p>\n","protected":false},"author":7,"featured_media":8505,"comment_status":"closed","ping_status":"open","sticky":false,"template":"","format":"standard","meta":{"footnotes":""},"categories":[44,3],"tags":[1707],"class_list":["post-9260","post","type-post","status-publish","format-standard","has-post-thumbnail","hentry","category-deutschland-2","category-news","tag-wald"],"_links":{"self":[{"href":"https:\/\/www.frankensicht.de\/index.php?rest_route=\/wp\/v2\/posts\/9260","targetHints":{"allow":["GET"]}}],"collection":[{"href":"https:\/\/www.frankensicht.de\/index.php?rest_route=\/wp\/v2\/posts"}],"about":[{"href":"https:\/\/www.frankensicht.de\/index.php?rest_route=\/wp\/v2\/types\/post"}],"author":[{"embeddable":true,"href":"https:\/\/www.frankensicht.de\/index.php?rest_route=\/wp\/v2\/users\/7"}],"replies":[{"embeddable":true,"href":"https:\/\/www.frankensicht.de\/index.php?rest_route=%2Fwp%2Fv2%2Fcomments&post=9260"}],"version-history":[{"count":2,"href":"https:\/\/www.frankensicht.de\/index.php?rest_route=\/wp\/v2\/posts\/9260\/revisions"}],"predecessor-version":[{"id":9262,"href":"https:\/\/www.frankensicht.de\/index.php?rest_route=\/wp\/v2\/posts\/9260\/revisions\/9262"}],"wp:featuredmedia":[{"embeddable":true,"href":"https:\/\/www.frankensicht.de\/index.php?rest_route=\/wp\/v2\/media\/8505"}],"wp:attachment":[{"href":"https:\/\/www.frankensicht.de\/index.php?rest_route=%2Fwp%2Fv2%2Fmedia&parent=9260"}],"wp:term":[{"taxonomy":"category","embeddable":true,"href":"https:\/\/www.frankensicht.de\/index.php?rest_route=%2Fwp%2Fv2%2Fcategories&post=9260"},{"taxonomy":"post_tag","embeddable":true,"href":"https:\/\/www.frankensicht.de\/index.php?rest_route=%2Fwp%2Fv2%2Ftags&post=9260"}],"curies":[{"name":"wp","href":"https:\/\/api.w.org\/{rel}","templated":true}]}}