{"id":9211,"date":"2016-02-11T11:25:52","date_gmt":"2016-02-11T10:25:52","guid":{"rendered":"http:\/\/www.frankensicht.de\/?p=9211"},"modified":"2016-02-11T11:25:52","modified_gmt":"2016-02-11T10:25:52","slug":"sechstes-rekordjahr-fuer-den-deutschlandtourismus","status":"publish","type":"post","link":"https:\/\/www.frankensicht.de\/?p=9211","title":{"rendered":"Sechstes Rekordjahr f\u00fcr den Deutschlandtourismus"},"content":{"rendered":"<p><span style=\"color: #ff0000;\">Berlin:<\/span><\/p>\n<p>Gleicke: Sechstes Rekordjahr f\u00fcr den Deutschlandtourismus<\/p>\n<p>Die heute ver\u00f6ffentlichten Zahlen des Statistischen Bundesamts zu \u00dcbernachtungen<br \/>\nin- und ausl\u00e4ndischer G\u00e4ste in Deutschland zeigen: Der Deutschland-Tourismus<br \/>\nboomt &#8211; 2015 stellt bereits das sechste Rekordjahr in Folge dar.<\/p>\n<p>Die Tourismusbeauftragte der Bundesregierung und Parlamentarische<br \/>\nStaatssekret\u00e4rin beim Bundesminister f\u00fcr Wirtschaft und Energie, Iris Gleicke<br \/>\n&lt;http:\/\/www.bmwi.de\/DE\/Ministerium\/Minister-und-Staatssekretaere\/Visitenkarten\/visitenkarte-gleicke.html&gt;:<br \/>\n&#8222;Diese Erfolgsbilanz belegt: Das Reiseland Deutschland ist zu recht weltweit<br \/>\nbeliebt und attraktiv. Deutschland hat Reisenden aus dem Ausland und aus dem<br \/>\nInland viel zu bieten &#8211; auch jenseits der bekannten Touristenpfade. Die Zahlen<br \/>\nzeigen aber auch, dass sich die Arbeit der Deutschen Zentrale f\u00fcr Tourismus (DZT)<br \/>\nin tats\u00e4chlich messbaren Erfolgen niederschl\u00e4gt.&#8220;<\/p>\n<p><a href=\"https:\/\/www.frankensicht.de\/?attachment_id=8893\" rel=\"attachment wp-att-8893\"><img loading=\"lazy\" decoding=\"async\" class=\"alignnone size-medium wp-image-8893\" src=\"https:\/\/www.frankensicht.de\/wp-content\/uploads\/2015\/08\/P1010933-300x225.jpg\" alt=\"P1010933\" width=\"300\" height=\"225\" srcset=\"https:\/\/www.frankensicht.de\/wp-content\/uploads\/2015\/08\/P1010933-300x225.jpg 300w, https:\/\/www.frankensicht.de\/wp-content\/uploads\/2015\/08\/P1010933.jpg 640w\" sizes=\"auto, (max-width: 300px) 100vw, 300px\" \/><\/a><\/p>\n<p>Seit \u00fcber 60 Jahren wirbt die DZT im Auftrag der Bundesregierung in 30<br \/>\nAuslandsvertretungen f\u00fcr das Reiseland Deutschland. Sie wird vom<br \/>\nBundesministerium f\u00fcr Wirtschaft und Energie mit rund 30 Mio. Euro finanziell<br \/>\ngef\u00f6rdert. In der deutschen Gesamtwirtschaft spielt die Tourismuswirtschaft<br \/>\n&lt;http:\/\/www.bmwi.de\/DE\/Themen\/tourismus.html&gt; eine gro\u00dfe Rolle und leistet als<br \/>\narbeitsintensive Branche einen wichtigen Beitrag zum Erhalt von Arbeitspl\u00e4tzen.<\/p>\n<p>Mit rund 436 Mio. \u00dcbernachtungen im Jahr 2015 konnte das Vorjahr nochmal um 3 %<br \/>\n\u00fcbertroffen werden. Wachstumstreiber waren wieder die Touristen aus dem Ausland,<br \/>\nihre \u00dcbernachtungen stiegen um 5 % auf knapp 80 Mio. Aber auch unter den eigenen<br \/>\nB\u00fcrgern erfreut sich der Urlaub in Deutschland stetig wachsender Beliebtheit:<br \/>\nIhre \u00dcbernachtungszahl stieg um 2 % auf knapp 357 Mio.<\/p>\n<p>Quelle: bmwi.bund.de<\/p>\n","protected":false},"excerpt":{"rendered":"<p>Berlin: Gleicke: Sechstes Rekordjahr f\u00fcr den Deutschlandtourismus Die heute ver\u00f6ffentlichten Zahlen des Statistischen Bundesamts zu \u00dcbernachtungen in- und ausl\u00e4ndischer G\u00e4ste in Deutschland zeigen: Der Deutschland-Tourismus boomt &#8211; 2015 stellt bereits das sechste Rekordjahr in Folge dar. Die Tourismusbeauftragte der Bundesregierung und Parlamentarische Staatssekret\u00e4rin beim Bundesminister f\u00fcr Wirtschaft und Energie, Iris Gleicke &lt;http:\/\/www.bmwi.de\/DE\/Ministerium\/Minister-und-Staatssekretaere\/Visitenkarten\/visitenkarte-gleicke.html&gt;: &#8222;Diese Erfolgsbilanz belegt: [&hellip;]<\/p>\n","protected":false},"author":7,"featured_media":8893,"comment_status":"closed","ping_status":"open","sticky":false,"template":"","format":"standard","meta":{"footnotes":""},"categories":[44,3],"tags":[178],"class_list":["post-9211","post","type-post","status-publish","format-standard","has-post-thumbnail","hentry","category-deutschland-2","category-news","tag-tourismus"],"_links":{"self":[{"href":"https:\/\/www.frankensicht.de\/index.php?rest_route=\/wp\/v2\/posts\/9211","targetHints":{"allow":["GET"]}}],"collection":[{"href":"https:\/\/www.frankensicht.de\/index.php?rest_route=\/wp\/v2\/posts"}],"about":[{"href":"https:\/\/www.frankensicht.de\/index.php?rest_route=\/wp\/v2\/types\/post"}],"author":[{"embeddable":true,"href":"https:\/\/www.frankensicht.de\/index.php?rest_route=\/wp\/v2\/users\/7"}],"replies":[{"embeddable":true,"href":"https:\/\/www.frankensicht.de\/index.php?rest_route=%2Fwp%2Fv2%2Fcomments&post=9211"}],"version-history":[{"count":2,"href":"https:\/\/www.frankensicht.de\/index.php?rest_route=\/wp\/v2\/posts\/9211\/revisions"}],"predecessor-version":[{"id":9213,"href":"https:\/\/www.frankensicht.de\/index.php?rest_route=\/wp\/v2\/posts\/9211\/revisions\/9213"}],"wp:featuredmedia":[{"embeddable":true,"href":"https:\/\/www.frankensicht.de\/index.php?rest_route=\/wp\/v2\/media\/8893"}],"wp:attachment":[{"href":"https:\/\/www.frankensicht.de\/index.php?rest_route=%2Fwp%2Fv2%2Fmedia&parent=9211"}],"wp:term":[{"taxonomy":"category","embeddable":true,"href":"https:\/\/www.frankensicht.de\/index.php?rest_route=%2Fwp%2Fv2%2Fcategories&post=9211"},{"taxonomy":"post_tag","embeddable":true,"href":"https:\/\/www.frankensicht.de\/index.php?rest_route=%2Fwp%2Fv2%2Ftags&post=9211"}],"curies":[{"name":"wp","href":"https:\/\/api.w.org\/{rel}","templated":true}]}}