{"id":9202,"date":"2016-02-06T08:16:59","date_gmt":"2016-02-06T07:16:59","guid":{"rendered":"http:\/\/www.frankensicht.de\/?p=9202"},"modified":"2016-02-06T08:16:59","modified_gmt":"2016-02-06T07:16:59","slug":"meilenstein-fuer-mehr-mobilitaet-in-suedostbayern","status":"publish","type":"post","link":"https:\/\/www.frankensicht.de\/?p=9202","title":{"rendered":"Meilenstein f\u00fcr mehr Mobilit\u00e4t in S\u00fcdostbayern"},"content":{"rendered":"<p><span style=\"color: #ff0000;\">Berlin:<\/span><\/p>\n<p>Startschuss f\u00fcr das \u00d6PP-Projekt A 94<\/p>\n<p>Dobrindt: Meilenstein f\u00fcr mehr Mobilit\u00e4t in S\u00fcdostbayern<\/p>\n<p>Bundesverkehrsminister Alexander Dobrindt hat heute den feierlichen ersten Spatenstich f\u00fcr das \u00d6PP-Projekt (\u00d6ffentlich-Private Partnerschaften) auf der A 94 durchgef\u00fchrt. Das Projekt umfasst den vierstreifigen Neubau des rund 33 Kilometer langen Abschnitts Pastetten-Heldenstein, der bis Ende Oktober 2019 fertiggestellt werden soll. Das Vorhaben umfasst zudem Erhaltung und Betrieb des rund 77 Kilometer langen Abschnitts Forstinning-Marktl \u00fcber 30 Jahre. Das Gesamtvolumen des \u00d6PP-Projektes betr\u00e4gt rund 1,1 Milliarden Euro.<\/p>\n<p><a href=\"https:\/\/www.frankensicht.de\/?attachment_id=8087\" rel=\"attachment wp-att-8087\"><img loading=\"lazy\" decoding=\"async\" class=\"alignnone size-medium wp-image-8087\" src=\"https:\/\/www.frankensicht.de\/wp-content\/uploads\/2015\/01\/P1020757-300x225.jpg\" alt=\"P1020757\" width=\"300\" height=\"225\" srcset=\"https:\/\/www.frankensicht.de\/wp-content\/uploads\/2015\/01\/P1020757-300x225.jpg 300w, https:\/\/www.frankensicht.de\/wp-content\/uploads\/2015\/01\/P1020757.jpg 640w\" sizes=\"auto, (max-width: 300px) 100vw, 300px\" \/><\/a><\/p>\n<p>Dobrindt:<\/p>\n<p>Mit dem Startschuss f\u00fcr das \u00d6PP-Projekt A 94 erreichen wir einen weiteren, wichtigen Meilenstein f\u00fcr mehr Mobilit\u00e4t in der Region S\u00fcdostbayern. \u00d6ffentlich-Private Partnerschaften sind ein Erfolgsmodell: wir bauen schnell, wirtschaftlich und mit hoher Qualit\u00e4t und beseitigen dadurch den gr\u00f6\u00dften volkswirtschaftlichen Schaden: den Stau.<\/p>\n<p>Der Abschnitt Pastetten-Heldenstein ist Teil der insgesamt rund 150\u00a0Kilometer langen A 94 zwischen M\u00fcnchen und Pocking. Mit dem Neubau wird eine leistungsf\u00e4hige und verkehrssichere Ost-West-Achse geschaffen, die die Region S\u00fcdostbayern und die dortigen Industriestandorte sowie das B\u00e4derdreieck im Inntal mit dem Ballungsraum M\u00fcnchen und dem weitr\u00e4umigen Autobahnnetz verbindet.<\/p>\n<p>Betreiber des \u00d6PP-Projektes ist die Isentalautobahn GmbH &amp; Co. KG\u00a0&#8211; ein Konsortium, bestehend aus den Unternehmen BAM PPP A-Modell Holding GmbH, Eiffage S.A. und Berger Bau GmbH. Mitte Januar 2016 wurden die Finanzierungsvertr\u00e4ge f\u00fcr das \u00d6PP-Projekt unterzeichnet. Die Verg\u00fctung des Auftragnehmers erfolgt nach dem Verf\u00fcgbarkeitsmodell. Dadurch wird ein Anreiz gesetzt, Erhaltungs- und Betriebsdienstma\u00dfnahmen mit m\u00f6glichst wenigen Verkehrsbeeintr\u00e4chtigungen durchzuf\u00fchren.<br \/>\nInterne Links<br \/>\nWeitere Informationen zu \u00d6PP-Projekten<\/p>\n<p>Quelle:bmvi.bund.de<\/p>\n","protected":false},"excerpt":{"rendered":"<p>Berlin: Startschuss f\u00fcr das \u00d6PP-Projekt A 94 Dobrindt: Meilenstein f\u00fcr mehr Mobilit\u00e4t in S\u00fcdostbayern Bundesverkehrsminister Alexander Dobrindt hat heute den feierlichen ersten Spatenstich f\u00fcr das \u00d6PP-Projekt (\u00d6ffentlich-Private Partnerschaften) auf der A 94 durchgef\u00fchrt. Das Projekt umfasst den vierstreifigen Neubau des rund 33 Kilometer langen Abschnitts Pastetten-Heldenstein, der bis Ende Oktober 2019 fertiggestellt werden soll. Das [&hellip;]<\/p>\n","protected":false},"author":7,"featured_media":8087,"comment_status":"closed","ping_status":"open","sticky":false,"template":"","format":"standard","meta":{"footnotes":""},"categories":[44,3],"tags":[1907],"class_list":["post-9202","post","type-post","status-publish","format-standard","has-post-thumbnail","hentry","category-deutschland-2","category-news","tag-oepp"],"_links":{"self":[{"href":"https:\/\/www.frankensicht.de\/index.php?rest_route=\/wp\/v2\/posts\/9202","targetHints":{"allow":["GET"]}}],"collection":[{"href":"https:\/\/www.frankensicht.de\/index.php?rest_route=\/wp\/v2\/posts"}],"about":[{"href":"https:\/\/www.frankensicht.de\/index.php?rest_route=\/wp\/v2\/types\/post"}],"author":[{"embeddable":true,"href":"https:\/\/www.frankensicht.de\/index.php?rest_route=\/wp\/v2\/users\/7"}],"replies":[{"embeddable":true,"href":"https:\/\/www.frankensicht.de\/index.php?rest_route=%2Fwp%2Fv2%2Fcomments&post=9202"}],"version-history":[{"count":2,"href":"https:\/\/www.frankensicht.de\/index.php?rest_route=\/wp\/v2\/posts\/9202\/revisions"}],"predecessor-version":[{"id":9204,"href":"https:\/\/www.frankensicht.de\/index.php?rest_route=\/wp\/v2\/posts\/9202\/revisions\/9204"}],"wp:featuredmedia":[{"embeddable":true,"href":"https:\/\/www.frankensicht.de\/index.php?rest_route=\/wp\/v2\/media\/8087"}],"wp:attachment":[{"href":"https:\/\/www.frankensicht.de\/index.php?rest_route=%2Fwp%2Fv2%2Fmedia&parent=9202"}],"wp:term":[{"taxonomy":"category","embeddable":true,"href":"https:\/\/www.frankensicht.de\/index.php?rest_route=%2Fwp%2Fv2%2Fcategories&post=9202"},{"taxonomy":"post_tag","embeddable":true,"href":"https:\/\/www.frankensicht.de\/index.php?rest_route=%2Fwp%2Fv2%2Ftags&post=9202"}],"curies":[{"name":"wp","href":"https:\/\/api.w.org\/{rel}","templated":true}]}}