{"id":9141,"date":"2015-10-23T12:28:45","date_gmt":"2015-10-23T10:28:45","guid":{"rendered":"http:\/\/www.frankensicht.de\/?p=9141"},"modified":"2015-10-23T12:29:00","modified_gmt":"2015-10-23T10:29:00","slug":"medizinische-versorgung-staerker-auf-die-beduerfnisse-aelterer-menschen-ausrichten","status":"publish","type":"post","link":"https:\/\/www.frankensicht.de\/?p=9141","title":{"rendered":"Medizinische Versorgung st\u00e4rker auf die Bed\u00fcrfnisse \u00e4lterer Menschen ausrichten"},"content":{"rendered":"<p><span style=\"color: #ff0000;\">M\u00fcnchen:<\/span><\/p>\n<p>Huml f\u00fcr weitere Verbesserungen bei Altersmedizin &#8211; Bayerns Gesundheitsministerin: Medizinische Versorgung st\u00e4rker auf die Bed\u00fcrfnisse \u00e4lterer Menschen ausrichten<\/p>\n<p>Bayerns Gesundheitsministerin Melanie Huml setzt sich f\u00fcr weitere Verbesserungen bei der medizinischen Versorgung \u00e4lterer Menschen ein. Huml betonte am Freitag anl\u00e4sslich der Mitgliederversammlung der \u00c4rztlichen Arbeitsgemeinschaft zur F\u00f6rderung der Geriatrie in Bayern (AFGiB e.V.) in Bamberg: &#8222;Es ist wichtig, die Gesundheitsversorgung noch st\u00e4rker auf die Bed\u00fcrfnisse von Seniorinnen und Senioren auszurichten. Ziel ist dabei auch ein m\u00f6glichst selbstbestimmtes Leben.&#8220;<\/p>\n<p>Die Ministerin f\u00fcgte hinzu: &#8222;Alt sein muss nicht automatisch auch krank sein bedeuten. Die Gesundheitsf\u00f6rderung und Pr\u00e4vention geh\u00f6ren zu den Kernelementen bayerischer Gesundheitspolitik. Im Mai habe ich eine ganzheitliche Strategie &#8211; den Bayerischen Pr\u00e4ventionsplan &#8211; hierzu vorgestellt.&#8220;<\/p>\n<p><a href=\"https:\/\/www.frankensicht.de\/?attachment_id=4951\" rel=\"attachment wp-att-4951\"><img loading=\"lazy\" decoding=\"async\" class=\"alignnone size-medium wp-image-4951\" src=\"https:\/\/www.frankensicht.de\/wp-content\/uploads\/2013\/01\/krankenhaus-300x187.jpg\" alt=\"krankenhaus\" width=\"300\" height=\"187\" srcset=\"https:\/\/www.frankensicht.de\/wp-content\/uploads\/2013\/01\/krankenhaus-300x187.jpg 300w, https:\/\/www.frankensicht.de\/wp-content\/uploads\/2013\/01\/krankenhaus.jpg 640w\" sizes=\"auto, (max-width: 300px) 100vw, 300px\" \/><\/a><\/p>\n<p>Das Bayerische Gesundheitsministerium unterst\u00fctzt zudem im Rahmen der Gesundheitsinitiative Gesund.Leben.Bayern. Projekte zum Erhalt der Gesundheit und Selbst\u00e4ndigkeit von \u00e4lteren Menschen. Dabei handelt es sich zum Beispiel um Projekte zur Sturzpr\u00e4vention und um ein Konzept f\u00fcr pr\u00e4ventive Hausbesuche.<\/p>\n<p>Huml erg\u00e4nzte: &#8222;Auch bei allen Vorsorgema\u00dfnahmen ist niemand vor schwerwiegenden Erkrankungen gefeit. Nach einer Krankheit m\u00fcssen wir deshalb alles daf\u00fcr tun, Pflegebed\u00fcrftigkeit soweit es geht zu vermeiden. Es ist der Wunsch vieler Menschen, ihre Selbst\u00e4ndigkeit auch im h\u00f6heren Alter so lange wie m\u00f6glich zu bewahren.&#8220;<\/p>\n<p>Die Ministerin verwies auf das seit 1990 in Bayern bestehende Geriatriekonzept. Der ganzheitliche Ansatz ber\u00fccksichtigt insbesondere die Versorgung von Patienten mit Mehrfach-Erkrankungen. Dieses Konzept konnte in den vergangenen Jahren erfolgreich in ganz Bayern umgesetzt werden. In 62 station\u00e4ren geriatrischen Rehabilitationseinrichtungen mit mehr als 2.700 Betten wird eine wohnortnahe qualit\u00e4tsorientierte Altersmedizin angeboten.<\/p>\n<p>Mit dem Fachprogramm &#8222;Akutgeriatrie&#8220; werden zudem derzeit altersgerechte Behandlungsangebote in den bayerischen Krankenh\u00e4usern aufgebaut. Aktuell gibt es in Bayern 78 Akutgeriatrien mit mehr als 1.800 Betten.<\/p>\n<p>Huml unterstrich: &#8222;Eine Studie zeigt, dass die akutgeriatrische Versorgung in Krankenh\u00e4usern und die geriatrische Rehabilitation sich sehr gut in ihrem Leistungsspektrum erg\u00e4nzen. Im Vergleich zu den Konzepten anderer Bundesl\u00e4nder sieht das Bayerische Geriatriekonzept differenzierte geriatrische Behandlungsm\u00f6glichkeiten vor. In Bayern werden mehr und &#8211; im Hinblick auf die Schwere der Erkrankung &#8211; unterschiedlichere Patienten geriatrisch, das hei\u00dft ganzheitlich, versorgt.&#8220;<\/p>\n<p>Die Ministerin betonte zudem: &#8222;Wichtig ist, dass insbesondere die geriatrische Rehabilitation auch angemessen finanziert wird. Hier sehe ich noch Nachholbedarf. Aus meiner Sicht sollte auch die Pflegeversicherung an den Kosten beteiligt werden. Denn: Ohne die Erfolge der geriatrischen Reha m\u00fcsste die Pflegeversicherung deutlich mehr bezahlen.&#8220;<\/p>\n<p>Quelle: stmgp.bayern.de<\/p>\n","protected":false},"excerpt":{"rendered":"<p>M\u00fcnchen: Huml f\u00fcr weitere Verbesserungen bei Altersmedizin &#8211; Bayerns Gesundheitsministerin: Medizinische Versorgung st\u00e4rker auf die Bed\u00fcrfnisse \u00e4lterer Menschen ausrichten Bayerns Gesundheitsministerin Melanie Huml setzt sich f\u00fcr weitere Verbesserungen bei der medizinischen Versorgung \u00e4lterer Menschen ein. Huml betonte am Freitag anl\u00e4sslich der Mitgliederversammlung der \u00c4rztlichen Arbeitsgemeinschaft zur F\u00f6rderung der Geriatrie in Bayern (AFGiB e.V.) in Bamberg: [&hellip;]<\/p>\n","protected":false},"author":7,"featured_media":4951,"comment_status":"closed","ping_status":"open","sticky":false,"template":"","format":"standard","meta":{"footnotes":""},"categories":[78,71],"tags":[251],"class_list":["post-9141","post","type-post","status-publish","format-standard","has-post-thumbnail","hentry","category-bayern","category-menue","tag-hausliche-pflege"],"_links":{"self":[{"href":"https:\/\/www.frankensicht.de\/index.php?rest_route=\/wp\/v2\/posts\/9141","targetHints":{"allow":["GET"]}}],"collection":[{"href":"https:\/\/www.frankensicht.de\/index.php?rest_route=\/wp\/v2\/posts"}],"about":[{"href":"https:\/\/www.frankensicht.de\/index.php?rest_route=\/wp\/v2\/types\/post"}],"author":[{"embeddable":true,"href":"https:\/\/www.frankensicht.de\/index.php?rest_route=\/wp\/v2\/users\/7"}],"replies":[{"embeddable":true,"href":"https:\/\/www.frankensicht.de\/index.php?rest_route=%2Fwp%2Fv2%2Fcomments&post=9141"}],"version-history":[{"count":0,"href":"https:\/\/www.frankensicht.de\/index.php?rest_route=\/wp\/v2\/posts\/9141\/revisions"}],"wp:featuredmedia":[{"embeddable":true,"href":"https:\/\/www.frankensicht.de\/index.php?rest_route=\/wp\/v2\/media\/4951"}],"wp:attachment":[{"href":"https:\/\/www.frankensicht.de\/index.php?rest_route=%2Fwp%2Fv2%2Fmedia&parent=9141"}],"wp:term":[{"taxonomy":"category","embeddable":true,"href":"https:\/\/www.frankensicht.de\/index.php?rest_route=%2Fwp%2Fv2%2Fcategories&post=9141"},{"taxonomy":"post_tag","embeddable":true,"href":"https:\/\/www.frankensicht.de\/index.php?rest_route=%2Fwp%2Fv2%2Ftags&post=9141"}],"curies":[{"name":"wp","href":"https:\/\/api.w.org\/{rel}","templated":true}]}}