{"id":9130,"date":"2015-10-21T10:14:52","date_gmt":"2015-10-21T08:14:52","guid":{"rendered":"http:\/\/www.frankensicht.de\/?p=9130"},"modified":"2015-10-21T10:14:52","modified_gmt":"2015-10-21T08:14:52","slug":"eine-schule-mit-marktplatz","status":"publish","type":"post","link":"https:\/\/www.frankensicht.de\/?p=9130","title":{"rendered":"Eine Schule mit Marktplatz"},"content":{"rendered":"<p><span style=\"color: #ff0000;\">Diedorf &#8211; M\u00fcnchen:<\/span><\/p>\n<p>&#8222;Eine Schule mit Marktplatz&#8220; &#8211; Bildungsminister Ludwig Spaenle bei Einweihung des Schmuttertal-Gymnasiums in Diedorf<br \/>\n&#8222;Der Neubau des Schmuttertal-Gymnasiums zeigt, wie ein funktionales und zukunftsweisendes Schulgeb\u00e4ude aussehen kann. Die Sch\u00fclerinnen und Sch\u00fcler finden hier hervorragende Voraussetzungen f\u00fcr eine umfassende Bildung&#8220;, sagte Bildungsminister Dr. Ludwig Spaenle heute in Diedorf anl\u00e4sslich der Einweihung des neuen Schulgeb\u00e4udes des Schmuttertal-Gymnasiums.<\/p>\n<p>Schule der Zukunft: Nachhaltige Bildung und Bauweise<\/p>\n<p><a href=\"https:\/\/www.frankensicht.de\/?attachment_id=2831\" rel=\"attachment wp-att-2831\"><img loading=\"lazy\" decoding=\"async\" class=\"alignnone size-medium wp-image-2831\" src=\"https:\/\/www.frankensicht.de\/wp-content\/uploads\/2012\/06\/schule-300x187.jpg\" alt=\"schule\" width=\"300\" height=\"187\" srcset=\"https:\/\/www.frankensicht.de\/wp-content\/uploads\/2012\/06\/schule-300x187.jpg 300w, https:\/\/www.frankensicht.de\/wp-content\/uploads\/2012\/06\/schule.jpg 640w\" sizes=\"auto, (max-width: 300px) 100vw, 300px\" \/><\/a><\/p>\n<p>&#8222;&amp;sbquo;Offene Lernlandschaften&#8216; erm\u00f6glichen es, die besonderen Bed\u00fcrfnisse der Gymnasiasten jeder Jahrgangsstufe entsprechend zu ber\u00fccksichtigen&#8220;, stellte der Minister fest. Das Raumkonzept biete n\u00e4mlich optimale Rahmenbedingungen f\u00fcr einen modernen Unterricht: Selbstt\u00e4tigkeit, individuelles Lernen, aber auch Lernen im Team sowie ein methodisch abwechslungsreicher Unterricht w\u00fcrden den Sch\u00fclerinnen und Sch\u00fclern helfen, grundlegende Kompetenzen nachhaltig zu erwerben.<br \/>\nDas Konzept der &#8222;Offenen Lernlandschaften&#8220; sieht vor, die einzelnen Klassenzimmer einer Jahrgangsstufe um einen sogenannten &#8222;Marktplatz&#8220;, einen gemeinsamen Bereich f\u00fcr Sch\u00fclerinnen und Sch\u00fcler einer Jahrgangsstufe, zu gruppieren. Der &#8222;Marktplatz&#8220; ist nicht nur Aufenthalts-, sondern zugleich auch Lernort. Dort finden die Sch\u00fclerinnen und Sch\u00fcler neben frei zug\u00e4nglichen Lernmaterialien auch PC-Arbeitspl\u00e4tze. Alle R\u00e4ume auf einer Hauptnutzfl\u00e4che von rund 8000m\u00b2 verf\u00fcgen \u00fcber einen Netzwerkzugang. Den Gymnasiasten steht damit ein optimal ausgestatteter Lernort zur Verf\u00fcgung. &#8222;Eine Schule ist heutzutage Lern- und Lebensraum zugleich. Umso wichtiger ist es, dass sich die gesamte Schulfamilie dort wohlf\u00fchlen kann. Dann k\u00f6nnen Sch\u00fclerinnen und Sch\u00fcler sowie Lehrkr\u00e4fte ihr Potenzial bestm\u00f6glich entfalten&#8220;, sagte der Bildungsminister.<\/p>\n<p>Doch nicht nur wegen der Architektur ist der Neubau laut Minister Spaenle ein Leuchtturmprojekt: &#8222;Das Schmuttertal-Gymnasium f\u00fchlt sich sowohl dem Menschen als auch der Natur verpflichtet. Nachhaltigkeit ist hier nicht nur Grundsatz der schulischen Bildung, sondern auch der Bauweise.&#8220; Der Neubau stellt deutschlandweit eines der gr\u00f6\u00dften Holzgeb\u00e4ude dar. Aufgrund des sogenannten &#8222;Passiv Plus-Standards&#8220; liefert das Geb\u00e4ude mehr Energie als es durch seine Nutzung verbraucht und gen\u00fcgt so energetisch h\u00f6chsten Anspr\u00fcchen. Der Freistaat unterst\u00fctzte das Bauprojekt mit rund 12 Millionen Euro.<\/p>\n<p>Ganzheitliches Schulprofil<\/p>\n<p>Das Schmuttertal-Gymnasium bietet seinen Sch\u00fclerinnen und Sch\u00fclern einen naturwissenschaftlich-technologischen und einen wirtschafts- und sozialwissenschaftlichen Zweig. Bildungsminister Ludwig Spaenle stellte heraus, dass das Schmuttertal-Gymnasium, wie die Gymnasien bayernweit, einen wesentlichen Beitrag zur Pers\u00f6nlichkeitsentwicklung junger Menschen leiste und diesen Schl\u00fcsselqualifikationen vermittle. &#8222;Gymnasiale Bildung erfolgt in Bayern am Puls der Zeit&#8220;, res\u00fcmierte der Bildungsminister.<\/p>\n<p>Aktuell besuchen rund 620 Gymnasiasten von der 5. bis zur 10. Jahrgangsstufe die Schule. Das Schmuttertal-Gymnasium wurde im Schuljahr 2012\/2013 selbstst\u00e4ndig. Bis zum Umzug in den Neubau waren die Sch\u00fclerinnen und Sch\u00fcler u.a. in der Volksschule Diedorf untergebracht.<\/p>\n<p>Quelle:stmbw.bayern.de<\/p>\n","protected":false},"excerpt":{"rendered":"<p>Diedorf &#8211; M\u00fcnchen: &#8222;Eine Schule mit Marktplatz&#8220; &#8211; Bildungsminister Ludwig Spaenle bei Einweihung des Schmuttertal-Gymnasiums in Diedorf &#8222;Der Neubau des Schmuttertal-Gymnasiums zeigt, wie ein funktionales und zukunftsweisendes Schulgeb\u00e4ude aussehen kann. Die Sch\u00fclerinnen und Sch\u00fcler finden hier hervorragende Voraussetzungen f\u00fcr eine umfassende Bildung&#8220;, sagte Bildungsminister Dr. Ludwig Spaenle heute in Diedorf anl\u00e4sslich der Einweihung des neuen [&hellip;]<\/p>\n","protected":false},"author":7,"featured_media":2831,"comment_status":"closed","ping_status":"open","sticky":false,"template":"","format":"standard","meta":{"footnotes":""},"categories":[78,71],"tags":[522],"class_list":["post-9130","post","type-post","status-publish","format-standard","has-post-thumbnail","hentry","category-bayern","category-menue","tag-schule"],"_links":{"self":[{"href":"https:\/\/www.frankensicht.de\/index.php?rest_route=\/wp\/v2\/posts\/9130","targetHints":{"allow":["GET"]}}],"collection":[{"href":"https:\/\/www.frankensicht.de\/index.php?rest_route=\/wp\/v2\/posts"}],"about":[{"href":"https:\/\/www.frankensicht.de\/index.php?rest_route=\/wp\/v2\/types\/post"}],"author":[{"embeddable":true,"href":"https:\/\/www.frankensicht.de\/index.php?rest_route=\/wp\/v2\/users\/7"}],"replies":[{"embeddable":true,"href":"https:\/\/www.frankensicht.de\/index.php?rest_route=%2Fwp%2Fv2%2Fcomments&post=9130"}],"version-history":[{"count":0,"href":"https:\/\/www.frankensicht.de\/index.php?rest_route=\/wp\/v2\/posts\/9130\/revisions"}],"wp:featuredmedia":[{"embeddable":true,"href":"https:\/\/www.frankensicht.de\/index.php?rest_route=\/wp\/v2\/media\/2831"}],"wp:attachment":[{"href":"https:\/\/www.frankensicht.de\/index.php?rest_route=%2Fwp%2Fv2%2Fmedia&parent=9130"}],"wp:term":[{"taxonomy":"category","embeddable":true,"href":"https:\/\/www.frankensicht.de\/index.php?rest_route=%2Fwp%2Fv2%2Fcategories&post=9130"},{"taxonomy":"post_tag","embeddable":true,"href":"https:\/\/www.frankensicht.de\/index.php?rest_route=%2Fwp%2Fv2%2Ftags&post=9130"}],"curies":[{"name":"wp","href":"https:\/\/api.w.org\/{rel}","templated":true}]}}