{"id":9126,"date":"2015-10-24T08:54:34","date_gmt":"2015-10-24T06:54:34","guid":{"rendered":"http:\/\/www.frankensicht.de\/?p=9126"},"modified":"2015-10-24T08:55:16","modified_gmt":"2015-10-24T06:55:16","slug":"osteoperose","status":"publish","type":"post","link":"https:\/\/www.frankensicht.de\/?p=9126","title":{"rendered":"Osteoperose"},"content":{"rendered":"<p><span style=\"color: #ff0000;\">M\u00fcnchen:<\/span><\/p>\n<p>Huml verst\u00e4rkt Aufkl\u00e4rung \u00fcber Osteoporose &#8211; Bayerns Gesundheitsministerin zum Weltosteoporosetag: Bereits ab dem Kindesalter auf Bewegung und Ern\u00e4hrung achten<\/p>\n<p>Bayerns Gesundheitsministerin Melanie Huml verst\u00e4rkt die Aufkl\u00e4rung \u00fcber die Knochenkrankheit Osteoporose. Huml betonte am Dienstag anl\u00e4sslich des Weltosteoporosetags am 20. Oktober: Von Osteoporose sind allein in Bayern 700.000 Menschen betroffen. Dabei kann diese Krankheit oft vermieden werden. Wichtig sind unter anderem eine gesunde Ern\u00e4hrung und ausreichend k\u00f6rperliche Bewegung.<\/p>\n<p><a href=\"https:\/\/www.frankensicht.de\/?attachment_id=4951\" rel=\"attachment wp-att-4951\"><img loading=\"lazy\" decoding=\"async\" class=\"alignnone size-medium wp-image-4951\" src=\"https:\/\/www.frankensicht.de\/wp-content\/uploads\/2013\/01\/krankenhaus-300x187.jpg\" alt=\"krankenhaus\" width=\"300\" height=\"187\" srcset=\"https:\/\/www.frankensicht.de\/wp-content\/uploads\/2013\/01\/krankenhaus-300x187.jpg 300w, https:\/\/www.frankensicht.de\/wp-content\/uploads\/2013\/01\/krankenhaus.jpg 640w\" sizes=\"auto, (max-width: 300px) 100vw, 300px\" \/><\/a><\/p>\n<p>Die Ministerin, die selbst \u00c4rztin ist, f\u00fcgte hinzu: &amp;bdquo;In jedem Alter k\u00f6nnen wir etwas f\u00fcr stabile Knochen tun, auch schon in der Kindheit. Hilfreich sind dabei einfache Verhaltensweisen. Osteoporose vorzubeugen, ist zwar eine lebenslange Aufgabe aber keine schwierige.<\/p>\n<p>Einzelheiten stehen in einer neuen Brosch\u00fcre, die das Bayerische Gesundheitsministerium in K\u00fcrze ver\u00f6ffentlichen wird. Der Titel lautet: Dem Knochenschwund aktiv vorbeugen!\u00a0 Darin werden auch einfache \u00dcbungen vorgestellt, die jeder mit geringem Zeitaufwand nachmachen kann &amp;ndash; auch am Arbeitsplatz.<\/p>\n<p>Die Brosch\u00fcre ist Teil der Initiative Gesund.Leben.Bayern. mit der das Bayerische Staatsministerium f\u00fcr Gesundheit und Pflege gesunde Lebensweisen unterst\u00fctzen und st\u00e4rken will.<\/p>\n<p>Laut der Weltgesundheitsorganisation (WHO) geh\u00f6rt Osteoporose zu den zehn h\u00e4ufigsten Erkrankungen weltweit. Ihre Folgen sind schwerwiegend und die Kosten f\u00fcr die Behandlung hoch. Unter den 50- bis 60-J\u00e4hrigen leiden 17 Prozent aller Frauen und 4 Prozent aller M\u00e4nner in Deutschland an Osteoporose. Mit zunehmendem Alter steigt dieser Anteil weiter: Bei den \u00fcber 75-J\u00e4hrigen ist fast jede zweite Frau (48 Prozent) und jeder sechste Mann (15 Prozent) betroffen.<\/p>\n<p>Quelle: stmgp.bayern.de<\/p>\n","protected":false},"excerpt":{"rendered":"<p>M\u00fcnchen: Huml verst\u00e4rkt Aufkl\u00e4rung \u00fcber Osteoporose &#8211; Bayerns Gesundheitsministerin zum Weltosteoporosetag: Bereits ab dem Kindesalter auf Bewegung und Ern\u00e4hrung achten Bayerns Gesundheitsministerin Melanie Huml verst\u00e4rkt die Aufkl\u00e4rung \u00fcber die Knochenkrankheit Osteoporose. Huml betonte am Dienstag anl\u00e4sslich des Weltosteoporosetags am 20. Oktober: Von Osteoporose sind allein in Bayern 700.000 Menschen betroffen. Dabei kann diese Krankheit oft [&hellip;]<\/p>\n","protected":false},"author":7,"featured_media":4951,"comment_status":"closed","ping_status":"open","sticky":false,"template":"","format":"standard","meta":{"footnotes":""},"categories":[78,71],"tags":[1893],"class_list":["post-9126","post","type-post","status-publish","format-standard","has-post-thumbnail","hentry","category-bayern","category-menue","tag-osteoperose"],"_links":{"self":[{"href":"https:\/\/www.frankensicht.de\/index.php?rest_route=\/wp\/v2\/posts\/9126","targetHints":{"allow":["GET"]}}],"collection":[{"href":"https:\/\/www.frankensicht.de\/index.php?rest_route=\/wp\/v2\/posts"}],"about":[{"href":"https:\/\/www.frankensicht.de\/index.php?rest_route=\/wp\/v2\/types\/post"}],"author":[{"embeddable":true,"href":"https:\/\/www.frankensicht.de\/index.php?rest_route=\/wp\/v2\/users\/7"}],"replies":[{"embeddable":true,"href":"https:\/\/www.frankensicht.de\/index.php?rest_route=%2Fwp%2Fv2%2Fcomments&post=9126"}],"version-history":[{"count":0,"href":"https:\/\/www.frankensicht.de\/index.php?rest_route=\/wp\/v2\/posts\/9126\/revisions"}],"wp:featuredmedia":[{"embeddable":true,"href":"https:\/\/www.frankensicht.de\/index.php?rest_route=\/wp\/v2\/media\/4951"}],"wp:attachment":[{"href":"https:\/\/www.frankensicht.de\/index.php?rest_route=%2Fwp%2Fv2%2Fmedia&parent=9126"}],"wp:term":[{"taxonomy":"category","embeddable":true,"href":"https:\/\/www.frankensicht.de\/index.php?rest_route=%2Fwp%2Fv2%2Fcategories&post=9126"},{"taxonomy":"post_tag","embeddable":true,"href":"https:\/\/www.frankensicht.de\/index.php?rest_route=%2Fwp%2Fv2%2Ftags&post=9126"}],"curies":[{"name":"wp","href":"https:\/\/api.w.org\/{rel}","templated":true}]}}