{"id":9110,"date":"2015-10-16T11:42:18","date_gmt":"2015-10-16T09:42:18","guid":{"rendered":"http:\/\/www.frankensicht.de\/?p=9110"},"modified":"2015-10-16T11:42:53","modified_gmt":"2015-10-16T09:42:53","slug":"apfelmarkt-feiert-jubilaeum","status":"publish","type":"post","link":"https:\/\/www.frankensicht.de\/?p=9110","title":{"rendered":"Apfelmarkt feiert Jubil\u00e4um"},"content":{"rendered":"<p><span style=\"color: #ff0000;\"><strong>F\u00fcrth:<\/strong><\/span><\/p>\n<p>Apfelmarkt feiert Jubil\u00e4um<br \/>\nF\u00fcr alle Liebhaber fr\u00e4nkischer Obstspezialit\u00e4ten ist der Besuch des Apfelmarkts, der heuer zum 15. Mal stattfindet, l\u00e4ngst ein Muss: Rund 50 Anbieter zeigen am Sonntag, 18. Oktober, von 10 bis 17 Uhr in der Hans-Schiller-Allee im Stadtpark, was die heimischen Fr\u00fcchte zu bieten haben: Neben \u00c4pfeln, Birnen und Quitten gibt es S\u00e4fte, feinherbe Moste, edle Seccos, frisch gebackene K\u00fcchle, Apfelkuchen, s\u00fc\u00dfe und herzhafte Crepes, Waffeln und vieles mehr zu kaufen.<\/p>\n<p>Au\u00dferdem stehen Vorf\u00fchrungen vom fachm\u00e4nnischen Obstbaumschnitt bis zum Apfelpressen an der Mostpresse auf dem Programm. Korbmacher und Drechsler zeigen, wie Obstholz im Kunsthandwerk Verwendung findet. Kreative Mitmachaktionen an Bastel- und Maltischen oder ein Gl\u00fccksrad sorgen daf\u00fcr, dass auch Kinder auf ihre Kosten kommen.<\/p>\n<p><a href=\"https:\/\/www.frankensicht.de\/?attachment_id=1057\" rel=\"attachment wp-att-1057\"><img loading=\"lazy\" decoding=\"async\" class=\"alignnone size-medium wp-image-1057\" src=\"https:\/\/www.frankensicht.de\/wp-content\/uploads\/2012\/04\/apfel-300x225.jpg\" alt=\"apfel\" width=\"300\" height=\"225\" srcset=\"https:\/\/www.frankensicht.de\/wp-content\/uploads\/2012\/04\/apfel-300x225.jpg 300w, https:\/\/www.frankensicht.de\/wp-content\/uploads\/2012\/04\/apfel.jpg 640w\" sizes=\"auto, (max-width: 300px) 100vw, 300px\" \/><\/a><\/p>\n<p>Mit dabei sind der Verein \u201eGeschichte f\u00fcr Alle\u201c und die B\u00fcrgerstiftung F\u00fcrth, die mit Infost\u00e4nden, kleinen Rundg\u00e4nge, Rundfahrten mit einem Oldtimer und einem Quiz das Programm erg\u00e4nzen.<br \/>\nDer Landschaftspflegeverband Mittelfranken, das st\u00e4dtische Amt f\u00fcr Umwelt, Ordnung und Verbraucherschutz sowie der Bund Naturschutz informieren zudem \u00fcber die \u00f6kologische Bedeutung von Streuobst und -wiesen. Viele alte, fast schon vergessene Arten und Sorten in den Streuobstwiesen gibt es zu entdecken und wer nicht wei\u00df, welche Sorte im heimischen Garten w\u00e4chst, kann diese von Pomologen bestimmen lassen \u2013 hierf\u00fcr m\u00fcssen mindestens f\u00fcnf \u00c4pfel mitgebracht werden.<\/p>\n<p>Der F\u00fcrther Apfelmarkt wurde ins Leben gerufen um einen Absatzmarkt f\u00fcr fr\u00e4nkische Streuobstprodukte zu bieten. Die Streuobstwiesen mit den bl\u00fctenreichen B\u00e4umen sind sehr pr\u00e4gend f\u00fcr Franken. Sie bieten in einem Zusammenspiel von extensiv genutzten Wiesen und Baumbest\u00e4nden vielen Pflanzen und Tieren einen Lebensraum. Nur durch eine weitere Nutzung der Best\u00e4nde kann diese Vielfalt erhalten werden. Dies betrifft sowohl die alten Obstsorten als auch die Lebensr\u00e4ume Wiese und B\u00e4ume.<\/p>\n<p>Quelle:fuerth.de<\/p>\n<p>&nbsp;<\/p>\n","protected":false},"excerpt":{"rendered":"<p>F\u00fcrth: Apfelmarkt feiert Jubil\u00e4um F\u00fcr alle Liebhaber fr\u00e4nkischer Obstspezialit\u00e4ten ist der Besuch des Apfelmarkts, der heuer zum 15. Mal stattfindet, l\u00e4ngst ein Muss: Rund 50 Anbieter zeigen am Sonntag, 18. Oktober, von 10 bis 17 Uhr in der Hans-Schiller-Allee im Stadtpark, was die heimischen Fr\u00fcchte zu bieten haben: Neben \u00c4pfeln, Birnen und Quitten gibt es [&hellip;]<\/p>\n","protected":false},"author":7,"featured_media":1057,"comment_status":"closed","ping_status":"open","sticky":false,"template":"","format":"standard","meta":{"footnotes":""},"categories":[110,71,85],"tags":[968],"class_list":["post-9110","post","type-post","status-publish","format-standard","has-post-thumbnail","hentry","category-furth-mittelfranken","category-menue","category-mittelfranken","tag-apfelmarkt"],"_links":{"self":[{"href":"https:\/\/www.frankensicht.de\/index.php?rest_route=\/wp\/v2\/posts\/9110","targetHints":{"allow":["GET"]}}],"collection":[{"href":"https:\/\/www.frankensicht.de\/index.php?rest_route=\/wp\/v2\/posts"}],"about":[{"href":"https:\/\/www.frankensicht.de\/index.php?rest_route=\/wp\/v2\/types\/post"}],"author":[{"embeddable":true,"href":"https:\/\/www.frankensicht.de\/index.php?rest_route=\/wp\/v2\/users\/7"}],"replies":[{"embeddable":true,"href":"https:\/\/www.frankensicht.de\/index.php?rest_route=%2Fwp%2Fv2%2Fcomments&post=9110"}],"version-history":[{"count":0,"href":"https:\/\/www.frankensicht.de\/index.php?rest_route=\/wp\/v2\/posts\/9110\/revisions"}],"wp:featuredmedia":[{"embeddable":true,"href":"https:\/\/www.frankensicht.de\/index.php?rest_route=\/wp\/v2\/media\/1057"}],"wp:attachment":[{"href":"https:\/\/www.frankensicht.de\/index.php?rest_route=%2Fwp%2Fv2%2Fmedia&parent=9110"}],"wp:term":[{"taxonomy":"category","embeddable":true,"href":"https:\/\/www.frankensicht.de\/index.php?rest_route=%2Fwp%2Fv2%2Fcategories&post=9110"},{"taxonomy":"post_tag","embeddable":true,"href":"https:\/\/www.frankensicht.de\/index.php?rest_route=%2Fwp%2Fv2%2Ftags&post=9110"}],"curies":[{"name":"wp","href":"https:\/\/api.w.org\/{rel}","templated":true}]}}