{"id":9107,"date":"2015-10-15T11:11:39","date_gmt":"2015-10-15T09:11:39","guid":{"rendered":"http:\/\/www.frankensicht.de\/?p=9107"},"modified":"2015-10-15T11:11:39","modified_gmt":"2015-10-15T09:11:39","slug":"welternaehrungstag-2015","status":"publish","type":"post","link":"https:\/\/www.frankensicht.de\/?p=9107","title":{"rendered":"Weltern\u00e4hrungstag 2015"},"content":{"rendered":"<p><span style=\"color: #ff0000;\">Berlin:<\/span><\/p>\n<p>Schmidt: \u201eLandwirtschaft als Schl\u00fcssel f\u00fcr Ern\u00e4hrungssicherung und Stabilit\u00e4t in der Welt\u201c<br \/>\nWeltern\u00e4hrungstag 2015<\/p>\n<p>Zum Weltern\u00e4hrungstag 2015 erkl\u00e4rt der Bundesminister f\u00fcr Ern\u00e4hrung und Landwirtschaft Christian Schmidt:<br \/>\n\u201eHunger und Armut sind neben kriegerischen Konflikten die wichtigsten Gr\u00fcnde f\u00fcr die weltweiten Fl\u00fcchtlingsstr\u00f6me. Der Schl\u00fcssel zu Ern\u00e4hrungssicherung und Stabilit\u00e4t in der Welt ist die Landwirtschaft. Investitionen in die Landwirtschaft leisten einen gr\u00f6\u00dferen Beitrag zu wirtschaftlichem Wachstum und sozialer Entwicklung als Investitionen in andere Sektoren der Volkswirtschaft. Eine produktive und nachhaltige Landwirtschaft sowie vielf\u00e4ltige l\u00e4ndliche R\u00e4ume sind entscheidende Sektoren zur Armutsminderung, f\u00fcr Ern\u00e4hrungssicherung und politische Stabilit\u00e4t.<\/p>\n<p><a href=\"https:\/\/www.frankensicht.de\/?attachment_id=5731\" rel=\"attachment wp-att-5731\"><img loading=\"lazy\" decoding=\"async\" class=\"alignnone size-medium wp-image-5731\" src=\"https:\/\/www.frankensicht.de\/wp-content\/uploads\/2013\/06\/brot-300x225.jpg\" alt=\"brot\" width=\"300\" height=\"225\" srcset=\"https:\/\/www.frankensicht.de\/wp-content\/uploads\/2013\/06\/brot-300x225.jpg 300w, https:\/\/www.frankensicht.de\/wp-content\/uploads\/2013\/06\/brot.jpg 640w\" sizes=\"auto, (max-width: 300px) 100vw, 300px\" \/><\/a><br \/>\nF\u00fcr eine erfolgreiche globale Ern\u00e4hrungssicherung braucht es den Dreiklang aus politischen Rahmenbedingungen, nachhaltiger Landwirtschaft und nachhaltiger Ressourcennutzung. Ich setze mich deshalb f\u00fcr eine v\u00f6lkerrechtliche Verankerung des Rechts auf angemessene Nahrung und einem internationalen Agrarhandel ein, der die Bed\u00fcrfnisse der Entwicklungsl\u00e4nder ber\u00fccksichtigt. Essenzieller Bestandteil der Projektarbeit des BMEL ist die F\u00f6rderung landwirtschaftlicher Ausbildung, die Grundlage nachhaltiger landwirtschaftlicher Wertsch\u00f6pfungsketten und hoher Produktivit\u00e4t ist.<br \/>\nAm Weltern\u00e4hrungstag geht es auch um die Wertsch\u00e4tzung von Lebensmitteln. Es ist nicht hinnehmbar, dass weltweit rund ein Drittel aller Lebensmittel zwischen Feld und Teller verloren geht. Es ist weder moralisch noch ethisch vertretbar, wenn genie\u00dfbare Lebensmittel im M\u00fcll landen. Mein Ziel ist eine Halbierung der Lebensmittelverschwendung bis 2030.\u201c<br \/>\nQuelle:bmel.bund.de<\/p>\n","protected":false},"excerpt":{"rendered":"<p>Berlin: Schmidt: \u201eLandwirtschaft als Schl\u00fcssel f\u00fcr Ern\u00e4hrungssicherung und Stabilit\u00e4t in der Welt\u201c Weltern\u00e4hrungstag 2015 Zum Weltern\u00e4hrungstag 2015 erkl\u00e4rt der Bundesminister f\u00fcr Ern\u00e4hrung und Landwirtschaft Christian Schmidt: \u201eHunger und Armut sind neben kriegerischen Konflikten die wichtigsten Gr\u00fcnde f\u00fcr die weltweiten Fl\u00fcchtlingsstr\u00f6me. Der Schl\u00fcssel zu Ern\u00e4hrungssicherung und Stabilit\u00e4t in der Welt ist die Landwirtschaft. Investitionen in die [&hellip;]<\/p>\n","protected":false},"author":7,"featured_media":5731,"comment_status":"closed","ping_status":"open","sticky":false,"template":"","format":"standard","meta":{"footnotes":""},"categories":[44,3],"tags":[1889],"class_list":["post-9107","post","type-post","status-publish","format-standard","has-post-thumbnail","hentry","category-deutschland-2","category-news","tag-welternaehrungstag-2015"],"_links":{"self":[{"href":"https:\/\/www.frankensicht.de\/index.php?rest_route=\/wp\/v2\/posts\/9107","targetHints":{"allow":["GET"]}}],"collection":[{"href":"https:\/\/www.frankensicht.de\/index.php?rest_route=\/wp\/v2\/posts"}],"about":[{"href":"https:\/\/www.frankensicht.de\/index.php?rest_route=\/wp\/v2\/types\/post"}],"author":[{"embeddable":true,"href":"https:\/\/www.frankensicht.de\/index.php?rest_route=\/wp\/v2\/users\/7"}],"replies":[{"embeddable":true,"href":"https:\/\/www.frankensicht.de\/index.php?rest_route=%2Fwp%2Fv2%2Fcomments&post=9107"}],"version-history":[{"count":0,"href":"https:\/\/www.frankensicht.de\/index.php?rest_route=\/wp\/v2\/posts\/9107\/revisions"}],"wp:featuredmedia":[{"embeddable":true,"href":"https:\/\/www.frankensicht.de\/index.php?rest_route=\/wp\/v2\/media\/5731"}],"wp:attachment":[{"href":"https:\/\/www.frankensicht.de\/index.php?rest_route=%2Fwp%2Fv2%2Fmedia&parent=9107"}],"wp:term":[{"taxonomy":"category","embeddable":true,"href":"https:\/\/www.frankensicht.de\/index.php?rest_route=%2Fwp%2Fv2%2Fcategories&post=9107"},{"taxonomy":"post_tag","embeddable":true,"href":"https:\/\/www.frankensicht.de\/index.php?rest_route=%2Fwp%2Fv2%2Ftags&post=9107"}],"curies":[{"name":"wp","href":"https:\/\/api.w.org\/{rel}","templated":true}]}}