{"id":9104,"date":"2015-10-14T10:21:42","date_gmt":"2015-10-14T08:21:42","guid":{"rendered":"http:\/\/www.frankensicht.de\/?p=9104"},"modified":"2015-10-14T10:21:42","modified_gmt":"2015-10-14T08:21:42","slug":"272-millionen-euro-fuer-neun-massnahmen-an-bayerischen-universitaeten-und-hochschulen-zur-entwicklung-it-spezifischer-lehrangebote","status":"publish","type":"post","link":"https:\/\/www.frankensicht.de\/?p=9104","title":{"rendered":"2,72 Millionen Euro f\u00fcr neun Ma\u00dfnahmen an bayerischen Universit\u00e4ten und Hochschulen zur Entwicklung IT-spezifischer Lehrangebote"},"content":{"rendered":"<p><span style=\"color: #ff0000;\">M\u00fcnchen:<\/span><\/p>\n<p>&#8222;IT-Ausbildung an Hochschulen st\u00e4rken&#8220; &#8211; Wissenschaftsminister Dr. Ludwig Spaenle: 2,72 Millionen Euro f\u00fcr neun Ma\u00dfnahmen an bayerischen Universit\u00e4ten und Hochschulen zur Entwicklung IT-spezifischer Lehrangebote<\/p>\n<p>&#8222;Wir f\u00f6rdern neun Ma\u00dfnahmen von Universit\u00e4ten und Hochschulen zur Entwicklung IT-spezifischer Lehrangebote mit rund 2,72 Millionen Euro und st\u00e4rken so die IT-Ausbildung an Hochschulen&#8220;, freute sich Wissenschaftsminister Dr. Ludwig Spaenle anl\u00e4sslich der Vorstellung der ausgew\u00e4hlten Vorhaben aus einem ersten Wettbewerb in M\u00fcnchen. Spaenle weiter: &#8222;Die Ma\u00dfnahmen zeichnen sich besonders durch ihre hohe Integration in das bestehende Lehrangebot, durch ihre klare Orientierung an den Zielgruppen und durch eine teils hochschul\u00fcbergreifende Zusammenarbeit aus.&#8220;<\/p>\n<p><a href=\"https:\/\/www.frankensicht.de\/?attachment_id=3372\" rel=\"attachment wp-att-3372\"><img loading=\"lazy\" decoding=\"async\" class=\"alignnone size-medium wp-image-3372\" src=\"https:\/\/www.frankensicht.de\/wp-content\/uploads\/2012\/07\/foerderung-300x187.jpg\" alt=\"foerderung\" width=\"300\" height=\"187\" srcset=\"https:\/\/www.frankensicht.de\/wp-content\/uploads\/2012\/07\/foerderung-300x187.jpg 300w, https:\/\/www.frankensicht.de\/wp-content\/uploads\/2012\/07\/foerderung.jpg 640w\" sizes=\"auto, (max-width: 300px) 100vw, 300px\" \/><\/a><\/p>\n<p>Die Ma\u00dfnahmen im Einzelnen:<\/p>\n<p>&#8211; Digitale Geisteswissenschaften und Internet (Universit\u00e4ten Passau und Bamberg)<br \/>\n&#8211; Digitale Datenanalyse in den Geisteswissenschaften (Universit\u00e4t M\u00fcnchen)<br \/>\n&#8211; IT-Grundlagen im Baukastensystem mit E-Assessment (Universit\u00e4t W\u00fcrzburg)<br \/>\n&#8211; Zielgruppenorientierte IT-Ausbildung f\u00fcr Nebenfachstudierende (Universit\u00e4t M\u00fcnchen)<br \/>\n&#8211; F\u00e4cherspezifische IT-Grundausbildung f\u00fcr Lehramtsstudierende in Deutsch und Biologie (Universit\u00e4t M\u00fcnchen)<br \/>\n&#8211; Onlineseminar Informationstechnische Kenntnisse f\u00fcr Lehrer (Universit\u00e4t Regensburg)<br \/>\n&#8211; eLaBB &#8211; eLearning @ Biologie (Universit\u00e4ten Erlangen und W\u00fcrzburg, Hochschule Ansbach)<br \/>\n&#8211; IT-Projektkompetenz f\u00fcr Geistes-, Sozial- und Sprachwissenschaftler (Technische Hochschule Deggendorf, Technische Hochschule N\u00fcrnberg, Universit\u00e4t Passau)<br \/>\n&#8211; Qualifikation Arbeitswelt 4.0 (Hochschule M\u00fcnchen)<\/p>\n<p>Die F\u00f6rderung ist Teil der Initiative &#8222;Bayern digital&#8220; der Bayerischen Staatsregierung. Als eine S\u00e4ule des Programms &#8222;Digitaler Campus Bayern&#8220; sollen neue IT-Lehrangebote entwickelt und implementiert werden. Damit soll die IT-Grundausbildung an den Hochschulen beispielsweise in &#8222;IT-fernen&#8220; Studieng\u00e4ngen breiter angelegt bzw. sollen in bestehenden oder neuen Studieng\u00e4ngen vertiefte IT-Kompetenzen vermittelt werden.<\/p>\n","protected":false},"excerpt":{"rendered":"<p>M\u00fcnchen: &#8222;IT-Ausbildung an Hochschulen st\u00e4rken&#8220; &#8211; Wissenschaftsminister Dr. Ludwig Spaenle: 2,72 Millionen Euro f\u00fcr neun Ma\u00dfnahmen an bayerischen Universit\u00e4ten und Hochschulen zur Entwicklung IT-spezifischer Lehrangebote &#8222;Wir f\u00f6rdern neun Ma\u00dfnahmen von Universit\u00e4ten und Hochschulen zur Entwicklung IT-spezifischer Lehrangebote mit rund 2,72 Millionen Euro und st\u00e4rken so die IT-Ausbildung an Hochschulen&#8220;, freute sich Wissenschaftsminister Dr. Ludwig Spaenle [&hellip;]<\/p>\n","protected":false},"author":7,"featured_media":3372,"comment_status":"closed","ping_status":"open","sticky":false,"template":"","format":"standard","meta":{"footnotes":""},"categories":[78,71],"tags":[1888],"class_list":["post-9104","post","type-post","status-publish","format-standard","has-post-thumbnail","hentry","category-bayern","category-menue","tag-it-ausbildung"],"_links":{"self":[{"href":"https:\/\/www.frankensicht.de\/index.php?rest_route=\/wp\/v2\/posts\/9104","targetHints":{"allow":["GET"]}}],"collection":[{"href":"https:\/\/www.frankensicht.de\/index.php?rest_route=\/wp\/v2\/posts"}],"about":[{"href":"https:\/\/www.frankensicht.de\/index.php?rest_route=\/wp\/v2\/types\/post"}],"author":[{"embeddable":true,"href":"https:\/\/www.frankensicht.de\/index.php?rest_route=\/wp\/v2\/users\/7"}],"replies":[{"embeddable":true,"href":"https:\/\/www.frankensicht.de\/index.php?rest_route=%2Fwp%2Fv2%2Fcomments&post=9104"}],"version-history":[{"count":0,"href":"https:\/\/www.frankensicht.de\/index.php?rest_route=\/wp\/v2\/posts\/9104\/revisions"}],"wp:featuredmedia":[{"embeddable":true,"href":"https:\/\/www.frankensicht.de\/index.php?rest_route=\/wp\/v2\/media\/3372"}],"wp:attachment":[{"href":"https:\/\/www.frankensicht.de\/index.php?rest_route=%2Fwp%2Fv2%2Fmedia&parent=9104"}],"wp:term":[{"taxonomy":"category","embeddable":true,"href":"https:\/\/www.frankensicht.de\/index.php?rest_route=%2Fwp%2Fv2%2Fcategories&post=9104"},{"taxonomy":"post_tag","embeddable":true,"href":"https:\/\/www.frankensicht.de\/index.php?rest_route=%2Fwp%2Fv2%2Ftags&post=9104"}],"curies":[{"name":"wp","href":"https:\/\/api.w.org\/{rel}","templated":true}]}}