{"id":9101,"date":"2015-10-12T09:41:56","date_gmt":"2015-10-12T07:41:56","guid":{"rendered":"http:\/\/www.frankensicht.de\/?p=9101"},"modified":"2015-10-12T09:41:56","modified_gmt":"2015-10-12T07:41:56","slug":"bundesbauministerium-gegen-eu-plaene-zur-aenderung-der-honorarordnung-fuer-architekten","status":"publish","type":"post","link":"https:\/\/www.frankensicht.de\/?p=9101","title":{"rendered":"Bundesbauministerium gegen EU-Pl\u00e4ne zur \u00c4nderung der Honorarordnung f\u00fcr Architekten"},"content":{"rendered":"<p><span style=\"color: #ff0000;\">Berlin:<\/span><\/p>\n<p>Bundesbauministerium gegen EU-Pl\u00e4ne zur \u00c4nderung der Honorarordnung f\u00fcr<br \/>\nArchitekten<\/p>\n<p>Das Bundesbauministerium hat sich gegen Pl\u00e4ne der EU-Kommission zur<br \/>\n\u00c4nderung der Honorarordnung f\u00fcr Architekten ausgesprochen. &#8222;Die<br \/>\nBundesregierung wird die Honorarordnung f\u00fcr Architekten und Ingenieure<br \/>\ngegen Angriffe verteidigen&#8220;, sagte Baustaatssekret\u00e4r Gunther Adler heute<br \/>\nzur Er\u00f6ffnung des Bundesarchitektentags in Hannover.<br \/>\n&#8222;Architektenleistungen d\u00fcrfen nicht zu Dumpingpreisen angeboten werden.<br \/>\nMit dem Bauministerium haben Sie einen verl\u00e4sslichen Partner an Ihrer<br \/>\nSeite&#8220;, sagte Adler. Der von der Bundesarchitektenkammer ausgerichtete<br \/>\nKongress widmet sich den Herausforderungen des Berufsstandes und steht in<br \/>\ndiesem Jahr unter dem Motto &#8222;Zukunft planen&#8220;.<\/p>\n<p><a href=\"https:\/\/www.frankensicht.de\/?attachment_id=6571\" rel=\"attachment wp-att-6571\"><img loading=\"lazy\" decoding=\"async\" class=\"alignnone size-medium wp-image-6571\" src=\"https:\/\/www.frankensicht.de\/wp-content\/uploads\/2013\/12\/euro-fahne-300x200.jpg\" alt=\"euro-fahne\" width=\"300\" height=\"200\" srcset=\"https:\/\/www.frankensicht.de\/wp-content\/uploads\/2013\/12\/euro-fahne-300x200.jpg 300w, https:\/\/www.frankensicht.de\/wp-content\/uploads\/2013\/12\/euro-fahne-220x146.jpg 220w, https:\/\/www.frankensicht.de\/wp-content\/uploads\/2013\/12\/euro-fahne.jpg 794w\" sizes=\"auto, (max-width: 300px) 100vw, 300px\" \/><\/a><\/p>\n<p>Adler weiter: &#8222;Das Bundesbauministerium setzt sich daf\u00fcr ein, das<br \/>\nVerhandlungsverfahren als das geeignete Vergabeverfahren f\u00fcr Architekten-<br \/>\nund Ingenieurleistungen zu erhalten sowie Planungswettbewerbe in der<br \/>\nVergabeverordnung zu st\u00e4rken.&#8220;<\/p>\n<p>Der Deutsche Architektentag findet alle vier Jahre als Gro\u00dfveranstaltung<br \/>\ndes Berufsstandes statt. Er ist traditionell Anlass, die Aufgaben des<br \/>\nBerufsstands insbesondere im Hinblick auf \u00d6konomie und Soziales zu<br \/>\ndefinieren und dient der Standortbestimmung f\u00fcr die von der<br \/>\nBundesarchitektenkammer vertretenen Architekten, Landschaftsarchitekten,<br \/>\nInnenarchitekten und Stadtplaner \u2013 derzeit rund 130.000.<\/p>\n<p>Quelle: bmub.bund.de<\/p>\n","protected":false},"excerpt":{"rendered":"<p>Berlin: Bundesbauministerium gegen EU-Pl\u00e4ne zur \u00c4nderung der Honorarordnung f\u00fcr Architekten Das Bundesbauministerium hat sich gegen Pl\u00e4ne der EU-Kommission zur \u00c4nderung der Honorarordnung f\u00fcr Architekten ausgesprochen. &#8222;Die Bundesregierung wird die Honorarordnung f\u00fcr Architekten und Ingenieure gegen Angriffe verteidigen&#8220;, sagte Baustaatssekret\u00e4r Gunther Adler heute zur Er\u00f6ffnung des Bundesarchitektentags in Hannover. &#8222;Architektenleistungen d\u00fcrfen nicht zu Dumpingpreisen angeboten werden. [&hellip;]<\/p>\n","protected":false},"author":7,"featured_media":6571,"comment_status":"closed","ping_status":"open","sticky":false,"template":"","format":"standard","meta":{"footnotes":""},"categories":[44,75,3],"tags":[1887],"class_list":["post-9101","post","type-post","status-publish","format-standard","has-post-thumbnail","hentry","category-deutschland-2","category-europa-2","category-news","tag-architekten"],"_links":{"self":[{"href":"https:\/\/www.frankensicht.de\/index.php?rest_route=\/wp\/v2\/posts\/9101","targetHints":{"allow":["GET"]}}],"collection":[{"href":"https:\/\/www.frankensicht.de\/index.php?rest_route=\/wp\/v2\/posts"}],"about":[{"href":"https:\/\/www.frankensicht.de\/index.php?rest_route=\/wp\/v2\/types\/post"}],"author":[{"embeddable":true,"href":"https:\/\/www.frankensicht.de\/index.php?rest_route=\/wp\/v2\/users\/7"}],"replies":[{"embeddable":true,"href":"https:\/\/www.frankensicht.de\/index.php?rest_route=%2Fwp%2Fv2%2Fcomments&post=9101"}],"version-history":[{"count":0,"href":"https:\/\/www.frankensicht.de\/index.php?rest_route=\/wp\/v2\/posts\/9101\/revisions"}],"wp:featuredmedia":[{"embeddable":true,"href":"https:\/\/www.frankensicht.de\/index.php?rest_route=\/wp\/v2\/media\/6571"}],"wp:attachment":[{"href":"https:\/\/www.frankensicht.de\/index.php?rest_route=%2Fwp%2Fv2%2Fmedia&parent=9101"}],"wp:term":[{"taxonomy":"category","embeddable":true,"href":"https:\/\/www.frankensicht.de\/index.php?rest_route=%2Fwp%2Fv2%2Fcategories&post=9101"},{"taxonomy":"post_tag","embeddable":true,"href":"https:\/\/www.frankensicht.de\/index.php?rest_route=%2Fwp%2Fv2%2Ftags&post=9101"}],"curies":[{"name":"wp","href":"https:\/\/api.w.org\/{rel}","templated":true}]}}