{"id":9086,"date":"2015-10-07T09:50:29","date_gmt":"2015-10-07T07:50:29","guid":{"rendered":"http:\/\/www.frankensicht.de\/?p=9086"},"modified":"2015-10-07T09:50:29","modified_gmt":"2015-10-07T07:50:29","slug":"100-tage-automatisiertes-fahren-foerdern","status":"publish","type":"post","link":"https:\/\/www.frankensicht.de\/?p=9086","title":{"rendered":"100 Tage &#8222;Automatisiertes Fahren&#8220; f\u00f6rdern"},"content":{"rendered":"<p><span style=\"color: #ff0000;\">Berlin:<\/span><\/p>\n<p>100 Tage &#8222;Automatisiertes Fahren&#8220; f\u00f6rdern<\/p>\n<p>Die deutsche Fahrzeugindustrie<br \/>\n&lt;http:\/\/www.bmwi.de\/DE\/Themen\/Wirtschaft\/branchenfokus,did=195924.html&gt; hat<br \/>\nweltweit einen hervorragenden Ruf, bietet hochinnovative Produkte und besch\u00e4ftigt<br \/>\n\u00fcber 770.000 Menschen. Um die Spitzenposition auch k\u00fcnftig behaupten zu k\u00f6nnen,<br \/>\nsind Investitionen in Forschung und Entwicklung entscheidend. Deshalb hat das<br \/>\nBundesministerium f\u00fcr Wirtschaft und Energie (BMWi) im Juni 2015 das<br \/>\nF\u00f6rderprogramm &#8222;Neue Fahrzeug- und Systemtechnologien&#8220;<br \/>\n&lt;http:\/\/www.bmwi.de\/DE\/Themen\/Technologie\/Schluesseltechnologien\/verkehrstechnologien.html&gt;<br \/>\nmit den Schwerpunkten &#8222;Automatisiertes Fahren&#8220; und &#8222;Innovative Fahrzeuge&#8220; ins<br \/>\nLeben gerufen.<\/p>\n<p><a href=\"https:\/\/www.frankensicht.de\/?attachment_id=8075\" rel=\"attachment wp-att-8075\"><img loading=\"lazy\" decoding=\"async\" class=\"alignnone size-medium wp-image-8075\" src=\"https:\/\/www.frankensicht.de\/wp-content\/uploads\/2015\/01\/P1010162-300x225.jpg\" alt=\"P1010162\" width=\"300\" height=\"225\" srcset=\"https:\/\/www.frankensicht.de\/wp-content\/uploads\/2015\/01\/P1010162-300x225.jpg 300w, https:\/\/www.frankensicht.de\/wp-content\/uploads\/2015\/01\/P1010162.jpg 640w\" sizes=\"auto, (max-width: 300px) 100vw, 300px\" \/><\/a><\/p>\n<p>Staatssekret\u00e4r Machnig<br \/>\n&lt;http:\/\/www.bmwi.de\/DE\/Ministerium\/Minister-und-Staatssekretaere\/Beamtete-Staatssekretaere\/matthias-machnig.html&gt;:<br \/>\n&#8222;Mit unserem neuen F\u00f6rderprogramm geben wir der deutschen Fahrzeugindustrie einen<br \/>\nwichtigen Impuls, mit innovativen Ans\u00e4tzen den mobilen Alltag von morgen zu<br \/>\ngestalten. Ich bin zuversichtlich, dass gute Forschungsergebnisse erzielt werden<br \/>\nund die Wettbewerbsf\u00e4higkeit der Branche dadurch gesichert und gest\u00e4rkt wird.&#8220;<\/p>\n<p>Bereits 14 neue Verbundprojekte (63 Einzelvorhaben) mit einem Volumen von 80 Mio.<br \/>\nEuro wurden in den 100 Tagen bewilligt, das BMWi hat dabei Zuwendungen in rund<br \/>\nh\u00e4lftiger H\u00f6he zugesagt.<br \/>\n13 Projekte mit 26,9 Mio. Euro wurden im Bereich &#8222;Innovative Fahrzeuge&#8220; zur<br \/>\nEffizienzsteigerung konventioneller Antriebstechnologien im Stra\u00dfen- und<br \/>\nSchienenverkehr erfolgreich gestartet. Ein Gemeinschaftsprojekt zum kooperativen<br \/>\nund hochautomatisierten Fahren erh\u00e4lt Zuwendungen in H\u00f6he von 14,9 Mio. Euro. In<br \/>\ndiesem Gro\u00dfvorhaben werden Automobilhersteller, Automobilzulieferer,<br \/>\nStra\u00dfenverwaltung und Forschungsinstitute die technologische Basis f\u00fcr<br \/>\nhochautomatisiertes Fahren bei h\u00f6heren Geschwindigkeiten schaffen. Die<br \/>\nEinreichung von Skizzen ist weiterhin m\u00f6glich und erw\u00fcnscht.<\/p>\n<p>N\u00e4here Informationen finden Sie hier<br \/>\n&lt;http:\/\/www.bmwi.de\/DE\/Themen\/Technologie\/Schluesseltechnologien\/verkehrstechnologien.html&gt;.<\/p>\n<p>Quelle:bmwi.bund.de<\/p>\n","protected":false},"excerpt":{"rendered":"<p>Berlin: 100 Tage &#8222;Automatisiertes Fahren&#8220; f\u00f6rdern Die deutsche Fahrzeugindustrie &lt;http:\/\/www.bmwi.de\/DE\/Themen\/Wirtschaft\/branchenfokus,did=195924.html&gt; hat weltweit einen hervorragenden Ruf, bietet hochinnovative Produkte und besch\u00e4ftigt \u00fcber 770.000 Menschen. Um die Spitzenposition auch k\u00fcnftig behaupten zu k\u00f6nnen, sind Investitionen in Forschung und Entwicklung entscheidend. Deshalb hat das Bundesministerium f\u00fcr Wirtschaft und Energie (BMWi) im Juni 2015 das F\u00f6rderprogramm &#8222;Neue Fahrzeug- und [&hellip;]<\/p>\n","protected":false},"author":7,"featured_media":8075,"comment_status":"closed","ping_status":"open","sticky":false,"template":"","format":"standard","meta":{"footnotes":""},"categories":[20,3],"tags":[1885],"class_list":["post-9086","post","type-post","status-publish","format-standard","has-post-thumbnail","hentry","category-auto","category-news","tag-automatisiertes-fahren"],"_links":{"self":[{"href":"https:\/\/www.frankensicht.de\/index.php?rest_route=\/wp\/v2\/posts\/9086","targetHints":{"allow":["GET"]}}],"collection":[{"href":"https:\/\/www.frankensicht.de\/index.php?rest_route=\/wp\/v2\/posts"}],"about":[{"href":"https:\/\/www.frankensicht.de\/index.php?rest_route=\/wp\/v2\/types\/post"}],"author":[{"embeddable":true,"href":"https:\/\/www.frankensicht.de\/index.php?rest_route=\/wp\/v2\/users\/7"}],"replies":[{"embeddable":true,"href":"https:\/\/www.frankensicht.de\/index.php?rest_route=%2Fwp%2Fv2%2Fcomments&post=9086"}],"version-history":[{"count":0,"href":"https:\/\/www.frankensicht.de\/index.php?rest_route=\/wp\/v2\/posts\/9086\/revisions"}],"wp:featuredmedia":[{"embeddable":true,"href":"https:\/\/www.frankensicht.de\/index.php?rest_route=\/wp\/v2\/media\/8075"}],"wp:attachment":[{"href":"https:\/\/www.frankensicht.de\/index.php?rest_route=%2Fwp%2Fv2%2Fmedia&parent=9086"}],"wp:term":[{"taxonomy":"category","embeddable":true,"href":"https:\/\/www.frankensicht.de\/index.php?rest_route=%2Fwp%2Fv2%2Fcategories&post=9086"},{"taxonomy":"post_tag","embeddable":true,"href":"https:\/\/www.frankensicht.de\/index.php?rest_route=%2Fwp%2Fv2%2Ftags&post=9086"}],"curies":[{"name":"wp","href":"https:\/\/api.w.org\/{rel}","templated":true}]}}