{"id":9083,"date":"2015-10-06T09:17:09","date_gmt":"2015-10-06T07:17:09","guid":{"rendered":"http:\/\/www.frankensicht.de\/?p=9083"},"modified":"2015-10-06T09:17:09","modified_gmt":"2015-10-06T07:17:09","slug":"entwicklung-des-auftragseingangs-im-verarbeitenden-gewerbe-im-berichtsmonat-august-2015","status":"publish","type":"post","link":"https:\/\/www.frankensicht.de\/?p=9083","title":{"rendered":"Entwicklung des Auftragseingangs im Verarbeitenden Gewerbe im Berichtsmonat August 2015"},"content":{"rendered":"<p><span style=\"color: #ff0000;\">Berlin:<\/span><\/p>\n<p>Entwicklung des Auftragseingangs im Verarbeitenden Gewerbe im Berichtsmonat<br \/>\nAugust 2015<\/p>\n<p>Nach Angaben des Statistischen Bundesamtes [1] sind die Auftragseing\u00e4nge im<br \/>\nVerarbeitenden Gewerbe<br \/>\n&lt;http:\/\/www.bmwi.de\/DE\/Themen\/Industrie\/statistische-daten.html&gt; im August<br \/>\npreis-, saison- und arbeitst\u00e4glich bereinigt [2] gegen\u00fcber dem Vormonat um 1,8\u00a0%<br \/>\nzur\u00fcckgegangen. Die Ergebnisse des Vormonats wurden zudem nach unten revidiert.<br \/>\nOhne Ber\u00fccksichtigung von Gro\u00dfauftr\u00e4gen ging die Bestellt\u00e4tigkeit im August um<br \/>\n2,1\u00a0% zur\u00fcck. Die Bestellungen von Investitionsg\u00fctern nahmen um 2,8\u00a0%, die von<br \/>\nKonsumg\u00fctern um 1,5\u00a0% und die von Vorleistungsg\u00fctern um 0,4\u00a0% ab. Positive<br \/>\nImpulse f\u00fcr die Industrie insgesamt kamen aus dem Euroraum (+2,5\u00a0%).<\/p>\n<p><a href=\"https:\/\/www.frankensicht.de\/?attachment_id=1457\" rel=\"attachment wp-att-1457\"><img loading=\"lazy\" decoding=\"async\" class=\"alignnone size-full wp-image-1457\" src=\"https:\/\/www.frankensicht.de\/wp-content\/uploads\/2012\/05\/StatPressCN-\u2039-frankensicht.de-\u2014-WordPress_1336737358340.jpeg\" alt=\"StatPressCN \u2039 frankensicht.de \u2014 WordPress_1336737358340\" width=\"235\" height=\"119\" \/><\/a><\/p>\n<p>Im Zweimonatsvergleich Juli\/August gegen\u00fcber Mai\/Juni schw\u00e4chten sich die<br \/>\nBestellungen um 2,2\u00a0% ab. Dem Anstieg der Auftragseing\u00e4nge aus dem Inland um<br \/>\n1,4\u00a0% und dem Euroraum um 2,8\u00a0% steht ein R\u00fcckgang um 9,2\u00a0% aus dem<br \/>\nNicht-Euroraum gegen\u00fcber.<\/p>\n<p>Die Auftragseing\u00e4nge entwickelten sich nach der starken Belebung im zweiten<br \/>\nQuartal (+2,9\u00a0%) zuletzt schwach. Dabei ist der R\u00fcckgang im August durch<br \/>\nFerieneffekte \u00fcberzeichnet. Die Auftragseing\u00e4nge aus dem Inland sind weiterhin<br \/>\nmoderat und die aus dem Euroraum deutlich aufw\u00e4rtsgerichtet. Die Impulse aus dem<br \/>\nNicht-Euroraum erscheinen gegenw\u00e4rtig weniger verl\u00e4sslich.<\/p>\n<p>&#8212;&#8212;&#8212;&#8212;&#8212;&#8212;&#8212;&#8212;&#8212;&#8212;&#8212;&#8212;&#8211;<\/p>\n<p>[1] Pressemitteilung des Statistischen Bundesamtes vom 6. Oktober 2015.<br \/>\n[2] Vorl\u00e4ufige Angaben; Saisonbereinigungsverfahren Census X-12-ARIMA.<\/p>\n<p>Downloads<\/p>\n<p>Auftragseingang im Verarbeitenden Gewerbe &#8211; lange Reihen<br \/>\nStand: 06.10.2015<br \/>\nPDF:\u00a0 96 KB<br \/>\n&lt;http:\/\/www.bmwi.de\/BMWi\/Redaktion\/PDF\/P-R\/auftragseingang-im-verarbeitenden-gewerbe-im-august-2015-lange-reihen,property=pdf,bereich=bmwi,sprache=de,rwb=true.pdf&gt;<\/p>\n<p>2015\/08 &#8211; Auftragseingang im Verarbeitenden Gewerbe<br \/>\nBerichtsmonat August 2015<br \/>\nPDF:\u00a0 309,9 KB<br \/>\n&lt;http:\/\/www.bmwi.de\/BMWi\/Redaktion\/PDF\/P-R\/auftragseingang-im-verarbeitenden-gewerbe-im-august-2015,property=pdf,bereich=bmwi,sprache=de,rwb=true.pdf&gt;<\/p>\n<p>Quelle: bwi.bund.de<\/p>\n<p>&nbsp;<\/p>\n","protected":false},"excerpt":{"rendered":"<p>Berlin: Entwicklung des Auftragseingangs im Verarbeitenden Gewerbe im Berichtsmonat August 2015 Nach Angaben des Statistischen Bundesamtes [1] sind die Auftragseing\u00e4nge im Verarbeitenden Gewerbe &lt;http:\/\/www.bmwi.de\/DE\/Themen\/Industrie\/statistische-daten.html&gt; im August preis-, saison- und arbeitst\u00e4glich bereinigt [2] gegen\u00fcber dem Vormonat um 1,8\u00a0% zur\u00fcckgegangen. Die Ergebnisse des Vormonats wurden zudem nach unten revidiert. Ohne Ber\u00fccksichtigung von Gro\u00dfauftr\u00e4gen ging die Bestellt\u00e4tigkeit im [&hellip;]<\/p>\n","protected":false},"author":7,"featured_media":1457,"comment_status":"closed","ping_status":"open","sticky":false,"template":"","format":"standard","meta":{"footnotes":""},"categories":[44,3],"tags":[1884],"class_list":["post-9083","post","type-post","status-publish","format-standard","has-post-thumbnail","hentry","category-deutschland-2","category-news","tag-gewerbe"],"_links":{"self":[{"href":"https:\/\/www.frankensicht.de\/index.php?rest_route=\/wp\/v2\/posts\/9083","targetHints":{"allow":["GET"]}}],"collection":[{"href":"https:\/\/www.frankensicht.de\/index.php?rest_route=\/wp\/v2\/posts"}],"about":[{"href":"https:\/\/www.frankensicht.de\/index.php?rest_route=\/wp\/v2\/types\/post"}],"author":[{"embeddable":true,"href":"https:\/\/www.frankensicht.de\/index.php?rest_route=\/wp\/v2\/users\/7"}],"replies":[{"embeddable":true,"href":"https:\/\/www.frankensicht.de\/index.php?rest_route=%2Fwp%2Fv2%2Fcomments&post=9083"}],"version-history":[{"count":0,"href":"https:\/\/www.frankensicht.de\/index.php?rest_route=\/wp\/v2\/posts\/9083\/revisions"}],"wp:featuredmedia":[{"embeddable":true,"href":"https:\/\/www.frankensicht.de\/index.php?rest_route=\/wp\/v2\/media\/1457"}],"wp:attachment":[{"href":"https:\/\/www.frankensicht.de\/index.php?rest_route=%2Fwp%2Fv2%2Fmedia&parent=9083"}],"wp:term":[{"taxonomy":"category","embeddable":true,"href":"https:\/\/www.frankensicht.de\/index.php?rest_route=%2Fwp%2Fv2%2Fcategories&post=9083"},{"taxonomy":"post_tag","embeddable":true,"href":"https:\/\/www.frankensicht.de\/index.php?rest_route=%2Fwp%2Fv2%2Ftags&post=9083"}],"curies":[{"name":"wp","href":"https:\/\/api.w.org\/{rel}","templated":true}]}}