{"id":9078,"date":"2015-10-05T10:22:57","date_gmt":"2015-10-05T08:22:57","guid":{"rendered":"http:\/\/www.frankensicht.de\/?p=9078"},"modified":"2015-10-05T10:22:57","modified_gmt":"2015-10-05T08:22:57","slug":"parlamentarische-staatssekretaerin-zypries-reist-zu-wirtschaftspolitischen-gespraechen-nach-malaysia-und-auf-die-philippinen","status":"publish","type":"post","link":"https:\/\/www.frankensicht.de\/?p=9078","title":{"rendered":"Parlamentarische Staatssekret\u00e4rin Zypries reist zu wirtschaftspolitischen Gespr\u00e4chen nach Malaysia und auf die Philippinen"},"content":{"rendered":"<p>Malaysia:<\/p>\n<p>Parlamentarische Staatssekret\u00e4rin Zypries reist zu wirtschaftspolitischen<br \/>\nGespr\u00e4chen nach Malaysia und auf die Philippinen<\/p>\n<p>Die Parlamentarische Staatssekret\u00e4rin beim Bundesminister f\u00fcr Wirtschaft und<br \/>\nEnergie, Brigitte Zypries<br \/>\n&lt;http:\/\/www.bmwi.de\/DE\/Ministerium\/Minister-und-Staatssekretaere\/Visitenkarten\/visitenkarte-zypries.html&gt;,<br \/>\nbricht heute zu einer f\u00fcnft\u00e4gigen Reise nach Malaysia<br \/>\n&lt;http:\/\/www.gtai.de\/GTAI\/Navigation\/DE\/Trade\/Maerkte\/Wirtschaftsklima\/wirtschaftsdaten-kompakt,t=wirtschaftsdaten-kompakt&#8211;malaysia,did=1250280.html&gt;<br \/>\nund den Philippinen<br \/>\n&lt;http:\/\/www.gtai.de\/GTAI\/Navigation\/DE\/Trade\/Maerkte\/Wirtschaftsklima\/wirtschaftsdaten-kompakt,t=wirtschaftsdaten-kompakt&#8211;philippinen,did=1250404.html&gt;<br \/>\nauf.<\/p>\n<p><a href=\"https:\/\/www.frankensicht.de\/?attachment_id=9081\" rel=\"attachment wp-att-9081\"><img loading=\"lazy\" decoding=\"async\" class=\"alignnone size-medium wp-image-9081\" src=\"https:\/\/www.frankensicht.de\/wp-content\/uploads\/2015\/10\/malaysia-300x150.png\" alt=\"malaysia\" width=\"300\" height=\"150\" srcset=\"https:\/\/www.frankensicht.de\/wp-content\/uploads\/2015\/10\/malaysia-300x150.png 300w, https:\/\/www.frankensicht.de\/wp-content\/uploads\/2015\/10\/malaysia-1024x512.png 1024w, https:\/\/www.frankensicht.de\/wp-content\/uploads\/2015\/10\/malaysia.png 1920w\" sizes=\"auto, (max-width: 300px) 100vw, 300px\" \/><\/a><\/p>\n<p>Staatssekret\u00e4rin Zypries: &#8222;Die thematisch breit aufgestellte<br \/>\nUnternehmerdelegation macht deutlich, dass es ein gro\u00dfes Potential f\u00fcr<br \/>\nInvestitionen und Kooperationen in der Region gibt. Interessierte Unternehmen<br \/>\nwerde ich ganz konkret bei ihren Vorhaben unterst\u00fctzen. Dies wird auch in meinen<br \/>\nGespr\u00e4chen mit Regierungsvertretern in Kuala Lumpur und Manila eine wichtige<br \/>\nRolle spielen. Die Er\u00f6ffnung der Deutsch-Philippinischen Auslandshandelskammer im<br \/>\nRahmen der Feier zum 25. Jahrestag der Deutschen Einheit in Manila markiert einen<br \/>\nweiteren Meilenstein in der Entwicklung der wirtschaftlichen Zusammenarbeit.&#8220;<\/p>\n<p>In beiden Hauptst\u00e4dten sind Gespr\u00e4che mit hochrangigen Entscheidungstr\u00e4gern in<br \/>\nPolitik und Wirtschaft geplant.<\/p>\n<p>In Manila finden diese Gespr\u00e4che nur wenige Tage nach der Entscheidung des<br \/>\nObersten Gerichtshofs zur Leistung von Entsch\u00e4digungszahlungen in einem lange<br \/>\nanh\u00e4ngigen Investitionsfall statt. Damit r\u00fcckt die M\u00f6glichkeit, die bilateralen<br \/>\nWirtschaftsbeziehungen von dieser Dauerbelastung zu befreien, in greifbare N\u00e4he.<br \/>\nAu\u00dferdem sind u.a. ein Round Table Gespr\u00e4ch zur Dualen Ausbildung, der Besuch<br \/>\neines Ausbildungszentrums sowie ein Treffen mit philippinischen Unternehmerinnen<br \/>\nund Politikerinnen geplant.<\/p>\n<p>Sowohl die Philippinen als auch Malaysia haben in den vergangenen Jahren durch<br \/>\neinen stabilen wirtschaftlichen Aufw\u00e4rtstrend und die zunehmende Verflechtung mit<br \/>\nanderen L\u00e4ndern der ASEAN und dar\u00fcber hinaus in die gesamte Region Asien-Pazifik<br \/>\nauf sich aufmerksam gemacht. In beiden L\u00e4ndern sind deutsche Unternehmen &#8211;<br \/>\nteilweise schon seit Jahrzehnten &#8211; mit gro\u00dfem Erfolg pr\u00e4sent. Mit der Reise<br \/>\nsollen Chancen f\u00fcr weiteres wirtschaftliches Engagement ausgelotet werden.<br \/>\nAngesichts nachlassender Dynamik in China<br \/>\n&lt;http:\/\/www.gtai.de\/GTAI\/Navigation\/DE\/Trade\/Maerkte\/Wirtschaftsklima\/wirtschaftsdaten-kompakt,t=wirtschaftsdaten-kompakt&#8211;china,did=1250376.html&gt;<br \/>\nsowie zunehmender Integration der L\u00e4nder der ASEAN, insbesondere mit der f\u00fcr Ende<br \/>\n2015 geplanten Vollendung der ASEAN Economic Community, r\u00fccken Malaysia und die<br \/>\nPhilippinen als wirtschaftliche Drehscheiben verst\u00e4rkt in den Mittelpunkt der<br \/>\nAufmerksamkeit.<\/p>\n<p>Quelle: bmwi.bund.de<\/p>\n","protected":false},"excerpt":{"rendered":"<p>Malaysia: Parlamentarische Staatssekret\u00e4rin Zypries reist zu wirtschaftspolitischen Gespr\u00e4chen nach Malaysia und auf die Philippinen Die Parlamentarische Staatssekret\u00e4rin beim Bundesminister f\u00fcr Wirtschaft und Energie, Brigitte Zypries &lt;http:\/\/www.bmwi.de\/DE\/Ministerium\/Minister-und-Staatssekretaere\/Visitenkarten\/visitenkarte-zypries.html&gt;, bricht heute zu einer f\u00fcnft\u00e4gigen Reise nach Malaysia &lt;http:\/\/www.gtai.de\/GTAI\/Navigation\/DE\/Trade\/Maerkte\/Wirtschaftsklima\/wirtschaftsdaten-kompakt,t=wirtschaftsdaten-kompakt&#8211;malaysia,did=1250280.html&gt; und den Philippinen &lt;http:\/\/www.gtai.de\/GTAI\/Navigation\/DE\/Trade\/Maerkte\/Wirtschaftsklima\/wirtschaftsdaten-kompakt,t=wirtschaftsdaten-kompakt&#8211;philippinen,did=1250404.html&gt; auf. Staatssekret\u00e4rin Zypries: &#8222;Die thematisch breit aufgestellte Unternehmerdelegation macht deutlich, dass es ein gro\u00dfes Potential f\u00fcr [&hellip;]<\/p>\n","protected":false},"author":7,"featured_media":9081,"comment_status":"closed","ping_status":"open","sticky":false,"template":"","format":"standard","meta":{"footnotes":""},"categories":[44,334],"tags":[1883],"class_list":["post-9078","post","type-post","status-publish","format-standard","has-post-thumbnail","hentry","category-deutschland-2","category-wissenschaft","tag-malaysia"],"_links":{"self":[{"href":"https:\/\/www.frankensicht.de\/index.php?rest_route=\/wp\/v2\/posts\/9078","targetHints":{"allow":["GET"]}}],"collection":[{"href":"https:\/\/www.frankensicht.de\/index.php?rest_route=\/wp\/v2\/posts"}],"about":[{"href":"https:\/\/www.frankensicht.de\/index.php?rest_route=\/wp\/v2\/types\/post"}],"author":[{"embeddable":true,"href":"https:\/\/www.frankensicht.de\/index.php?rest_route=\/wp\/v2\/users\/7"}],"replies":[{"embeddable":true,"href":"https:\/\/www.frankensicht.de\/index.php?rest_route=%2Fwp%2Fv2%2Fcomments&post=9078"}],"version-history":[{"count":0,"href":"https:\/\/www.frankensicht.de\/index.php?rest_route=\/wp\/v2\/posts\/9078\/revisions"}],"wp:featuredmedia":[{"embeddable":true,"href":"https:\/\/www.frankensicht.de\/index.php?rest_route=\/wp\/v2\/media\/9081"}],"wp:attachment":[{"href":"https:\/\/www.frankensicht.de\/index.php?rest_route=%2Fwp%2Fv2%2Fmedia&parent=9078"}],"wp:term":[{"taxonomy":"category","embeddable":true,"href":"https:\/\/www.frankensicht.de\/index.php?rest_route=%2Fwp%2Fv2%2Fcategories&post=9078"},{"taxonomy":"post_tag","embeddable":true,"href":"https:\/\/www.frankensicht.de\/index.php?rest_route=%2Fwp%2Fv2%2Ftags&post=9078"}],"curies":[{"name":"wp","href":"https:\/\/api.w.org\/{rel}","templated":true}]}}