{"id":9070,"date":"2015-10-03T08:36:44","date_gmt":"2015-10-03T06:36:44","guid":{"rendered":"http:\/\/www.frankensicht.de\/?p=9070"},"modified":"2015-10-03T08:36:44","modified_gmt":"2015-10-03T06:36:44","slug":"bundesgesundheitsminister-hermann-groehe","status":"publish","type":"post","link":"https:\/\/www.frankensicht.de\/?p=9070","title":{"rendered":"+ Bundesgesundheitsminister Hermann Gr\u00f6he"},"content":{"rendered":"<p><span style=\"color: #ff0000;\">Berlin:<\/span><\/p>\n<p>Bundesfamilienministerin Manuela Schwesig und Bundesgesundheitsminister Hermann<br \/>\nGr\u00f6he zum Tod von Antje Huber, Bundesministerin a.D.<br \/>\nDie fr\u00fchere Bundesministerin f\u00fcr Jugend, Familie und Gesundheit, Antje Huber ist<br \/>\nim Alter von 91 Jahren verstorben. Antje Huber geh\u00f6rte der Bundesregierung von<br \/>\n1976 bis 1982 an.<\/p>\n<p><a href=\"https:\/\/www.frankensicht.de\/?attachment_id=3355\" rel=\"attachment wp-att-3355\"><img loading=\"lazy\" decoding=\"async\" class=\"alignnone size-medium wp-image-3355\" src=\"https:\/\/www.frankensicht.de\/wp-content\/uploads\/2012\/07\/kreuz-der-einheit-224x300.jpg\" alt=\"kreuz-der-einheit\" width=\"224\" height=\"300\" srcset=\"https:\/\/www.frankensicht.de\/wp-content\/uploads\/2012\/07\/kreuz-der-einheit-224x300.jpg 224w, https:\/\/www.frankensicht.de\/wp-content\/uploads\/2012\/07\/kreuz-der-einheit.jpg 395w\" sizes=\"auto, (max-width: 224px) 100vw, 224px\" \/><\/a><\/p>\n<p>Bundesfamilienministerin Manuela Schwesig: &#8222;Antje Huber hat sich als<br \/>\nFamilienministerin f\u00fcr mehr Rechte der Familien eingesetzt. Neben dem<br \/>\nMutterschaftsurlaub hat sie ebenfalls den Unterhaltsvorschuss f\u00fcr<br \/>\nAlleinerziehende eingef\u00fchrt. Sie war es, die als Frauenministerin bereits 1982<br \/>\ndie Diskussion \u00fcber eine Frauenquote angesto\u00dfen hat. Antje Huber war eine starke<br \/>\nK\u00e4mpferin f\u00fcr die Rechte der Frau. Sie wird uns fehlen.&#8220;<\/p>\n<p>Bundesgesundheitsminister Hermann Gr\u00f6he: &#8222;Als Familienvater wei\u00df ich, wie<br \/>\nwertvoll es ist, dass sich Eltern Zeit f\u00fcr ihre Kinder nehmen k\u00f6nnen, ohne um den<br \/>\nArbeitsplatz f\u00fcrchten zu m\u00fcssen. Antje Huber hat mit dem Anspruch auf<br \/>\nMutterschaftsurlaub eine wichtige gesellschaftspolitische, aber auch<br \/>\ngesundheitspolitische Errungenschaft durchgesetzt. Sie hat damit den Weg bereitet<br \/>\nf\u00fcr die Elternzeit und f\u00fcr die Auszeit f\u00fcr pflegende Angeh\u00f6rige, die wir heute<br \/>\n\u00fcber die Pflegeversicherung finanzieren. Wir betrauern den Tod von Antje Huber.<br \/>\nEs ist unsere Aufgabe, ihre gesundheitspolitischen Leistungen auch f\u00fcr die<br \/>\nZukunft zu bewahren.&#8220;<\/p>\n<p>Die Sozialdemokratin Antje Huber geh\u00f6rte dem zweiten und dritten Kabinett von<br \/>\nBundeskanzler Helmut Schmidt an. In ihrer Amtszeit wurde das Gesetz zum<br \/>\nMutterschaftsurlaub von sechsmonatiger Dauer mit Arbeitsplatzgarantie und<br \/>\nK\u00fcndigungsschutz eingef\u00fchrt. Ihren Wahlkreis Essen vertrat sie von 1969 bis 1980<br \/>\nim Bundestag, dem Parlament geh\u00f6rte sie bis 1987 an.<\/p>\n<p>Quelle: bmfsfj.bund.de<\/p>\n","protected":false},"excerpt":{"rendered":"<p>Berlin: Bundesfamilienministerin Manuela Schwesig und Bundesgesundheitsminister Hermann Gr\u00f6he zum Tod von Antje Huber, Bundesministerin a.D. Die fr\u00fchere Bundesministerin f\u00fcr Jugend, Familie und Gesundheit, Antje Huber ist im Alter von 91 Jahren verstorben. Antje Huber geh\u00f6rte der Bundesregierung von 1976 bis 1982 an. Bundesfamilienministerin Manuela Schwesig: &#8222;Antje Huber hat sich als Familienministerin f\u00fcr mehr Rechte der [&hellip;]<\/p>\n","protected":false},"author":7,"featured_media":3355,"comment_status":"closed","ping_status":"open","sticky":false,"template":"","format":"standard","meta":{"footnotes":""},"categories":[44,3],"tags":[1879],"class_list":["post-9070","post","type-post","status-publish","format-standard","has-post-thumbnail","hentry","category-deutschland-2","category-news","tag-hermann-groehe"],"_links":{"self":[{"href":"https:\/\/www.frankensicht.de\/index.php?rest_route=\/wp\/v2\/posts\/9070","targetHints":{"allow":["GET"]}}],"collection":[{"href":"https:\/\/www.frankensicht.de\/index.php?rest_route=\/wp\/v2\/posts"}],"about":[{"href":"https:\/\/www.frankensicht.de\/index.php?rest_route=\/wp\/v2\/types\/post"}],"author":[{"embeddable":true,"href":"https:\/\/www.frankensicht.de\/index.php?rest_route=\/wp\/v2\/users\/7"}],"replies":[{"embeddable":true,"href":"https:\/\/www.frankensicht.de\/index.php?rest_route=%2Fwp%2Fv2%2Fcomments&post=9070"}],"version-history":[{"count":0,"href":"https:\/\/www.frankensicht.de\/index.php?rest_route=\/wp\/v2\/posts\/9070\/revisions"}],"wp:featuredmedia":[{"embeddable":true,"href":"https:\/\/www.frankensicht.de\/index.php?rest_route=\/wp\/v2\/media\/3355"}],"wp:attachment":[{"href":"https:\/\/www.frankensicht.de\/index.php?rest_route=%2Fwp%2Fv2%2Fmedia&parent=9070"}],"wp:term":[{"taxonomy":"category","embeddable":true,"href":"https:\/\/www.frankensicht.de\/index.php?rest_route=%2Fwp%2Fv2%2Fcategories&post=9070"},{"taxonomy":"post_tag","embeddable":true,"href":"https:\/\/www.frankensicht.de\/index.php?rest_route=%2Fwp%2Fv2%2Ftags&post=9070"}],"curies":[{"name":"wp","href":"https:\/\/api.w.org\/{rel}","templated":true}]}}