{"id":9059,"date":"2015-09-30T10:41:54","date_gmt":"2015-09-30T08:41:54","guid":{"rendered":"http:\/\/www.frankensicht.de\/?p=9059"},"modified":"2015-10-03T08:35:45","modified_gmt":"2015-10-03T06:35:45","slug":"bayerns-gesundheitsministerin-zum-14-europaeischen-gesundheitskongress-in-muenchen","status":"publish","type":"post","link":"https:\/\/www.frankensicht.de\/?p=9059","title":{"rendered":"Bayerns Gesundheitsministerin zum 14. Europ\u00e4ischen Gesundheitskongress in M\u00fcnchen"},"content":{"rendered":"<p><span style=\"color: #ff0000;\">M\u00fcnchen:<\/span><\/p>\n<p>Huml: Gesundheit ist kein Wirtschaftsgut wie jedes andere &#8211; Bayerns Gesundheitsministerin zum 14. Europ\u00e4ischen Gesundheitskongress in M\u00fcnchen<\/p>\n<p>Bayerns Gesundheits- und Pflegeministerin Melanie Huml hat hervorgehoben, dass sich die medizinische Versorgung trotz finanzieller Herausforderungen an den Bed\u00fcrfnissen der Menschen orientieren muss. Huml unterstrich am Mittwoch in einem schriftlichen Gru\u00dfwort zum Start des 14. Europ\u00e4ischen Gesundheitskongresses in M\u00fcnchen: &#8222;Gesundheit ist eben kein Wirtschaftsgut wie jedes andere. Markt und Wettbewerb sollen nur dort wirken, wo damit ein Nutzen f\u00fcr die Patientinnen und Patienten verbunden ist. Zum Beispiel, wenn Wettbewerb zu einer besseren Qualit\u00e4t f\u00fchrt oder wenn dadurch Innovationen m\u00f6glich sind.&#8220;<\/p>\n<p>Die Ministerin verwies darauf, dass die zunehmende \u00d6konomisierung der medizinischen Versorgung ein wichtiges Thema der gesundheitspolitischen Diskussion ist. Sie f\u00fcgte hinzu: &#8222;Im Zentrum steht dabei die Sorge vieler Menschen, dass die Medizin vor wirtschaftlichen Vorgaben kapituliert und die Patientenf\u00fcrsorge ins Hintertreffen ger\u00e4t. Das nehmen wir sehr ernst und steuern aktiv entgegen.&#8220;<\/p>\n<p><a href=\"https:\/\/www.frankensicht.de\/?attachment_id=4951\" rel=\"attachment wp-att-4951\"><img loading=\"lazy\" decoding=\"async\" class=\"alignnone size-medium wp-image-4951\" src=\"https:\/\/www.frankensicht.de\/wp-content\/uploads\/2013\/01\/krankenhaus-300x187.jpg\" alt=\"krankenhaus\" width=\"300\" height=\"187\" srcset=\"https:\/\/www.frankensicht.de\/wp-content\/uploads\/2013\/01\/krankenhaus-300x187.jpg 300w, https:\/\/www.frankensicht.de\/wp-content\/uploads\/2013\/01\/krankenhaus.jpg 640w\" sizes=\"auto, (max-width: 300px) 100vw, 300px\" \/><\/a><\/p>\n<p>Huml betonte: &#8222;Allerdings l\u00e4sst sich das Spannungsfeld zwischen Gesundheit und Geld nicht vollkommen aufl\u00f6sen. Denn eine hochwertige medizinische Versorgung hat ihren Preis.&#8220;<\/p>\n<p>Der Bayerischen Staatsregierung sei es &#8222;ein wichtiges Anliegen, eine fl\u00e4chendeckende und hochwertige, aber gleichzeitig bezahlbare Versorgung zu sichern und auszubauen&#8220;. Die Ministerin erg\u00e4nzte: &#8222;Nicht zuletzt dank eines hohen F\u00f6rdermitteleinsatzes und einer funktionierenden Krankenhausplanung verf\u00fcgt Bayern \u00fcber ein stabiles Netz an zeitgem\u00e4\u00dfen Krankenh\u00e4usern. Im ambulant-\u00e4rztlichen Bereich engagieren wir uns mit einem bundesweit vorbildlichen F\u00f6rderprogramm zum Erhalt und zur Verbesserung der \u00e4rztlichen Versorgung, vor allem im l\u00e4ndlichen Raum.&#8220;<\/p>\n<p>Quelle: stmgp.bayern.de<\/p>\n","protected":false},"excerpt":{"rendered":"<p>M\u00fcnchen: Huml: Gesundheit ist kein Wirtschaftsgut wie jedes andere &#8211; Bayerns Gesundheitsministerin zum 14. Europ\u00e4ischen Gesundheitskongress in M\u00fcnchen Bayerns Gesundheits- und Pflegeministerin Melanie Huml hat hervorgehoben, dass sich die medizinische Versorgung trotz finanzieller Herausforderungen an den Bed\u00fcrfnissen der Menschen orientieren muss. Huml unterstrich am Mittwoch in einem schriftlichen Gru\u00dfwort zum Start des 14. Europ\u00e4ischen Gesundheitskongresses [&hellip;]<\/p>\n","protected":false},"author":7,"featured_media":4951,"comment_status":"closed","ping_status":"open","sticky":false,"template":"","format":"standard","meta":{"footnotes":""},"categories":[78,71],"tags":[1881],"class_list":["post-9059","post","type-post","status-publish","format-standard","has-post-thumbnail","hentry","category-bayern","category-menue","tag-gesundheitskongress"],"_links":{"self":[{"href":"https:\/\/www.frankensicht.de\/index.php?rest_route=\/wp\/v2\/posts\/9059","targetHints":{"allow":["GET"]}}],"collection":[{"href":"https:\/\/www.frankensicht.de\/index.php?rest_route=\/wp\/v2\/posts"}],"about":[{"href":"https:\/\/www.frankensicht.de\/index.php?rest_route=\/wp\/v2\/types\/post"}],"author":[{"embeddable":true,"href":"https:\/\/www.frankensicht.de\/index.php?rest_route=\/wp\/v2\/users\/7"}],"replies":[{"embeddable":true,"href":"https:\/\/www.frankensicht.de\/index.php?rest_route=%2Fwp%2Fv2%2Fcomments&post=9059"}],"version-history":[{"count":0,"href":"https:\/\/www.frankensicht.de\/index.php?rest_route=\/wp\/v2\/posts\/9059\/revisions"}],"wp:featuredmedia":[{"embeddable":true,"href":"https:\/\/www.frankensicht.de\/index.php?rest_route=\/wp\/v2\/media\/4951"}],"wp:attachment":[{"href":"https:\/\/www.frankensicht.de\/index.php?rest_route=%2Fwp%2Fv2%2Fmedia&parent=9059"}],"wp:term":[{"taxonomy":"category","embeddable":true,"href":"https:\/\/www.frankensicht.de\/index.php?rest_route=%2Fwp%2Fv2%2Fcategories&post=9059"},{"taxonomy":"post_tag","embeddable":true,"href":"https:\/\/www.frankensicht.de\/index.php?rest_route=%2Fwp%2Fv2%2Ftags&post=9059"}],"curies":[{"name":"wp","href":"https:\/\/api.w.org\/{rel}","templated":true}]}}