{"id":9035,"date":"2015-09-25T08:39:45","date_gmt":"2015-09-25T06:39:45","guid":{"rendered":"http:\/\/www.frankensicht.de\/?p=9035"},"modified":"2015-09-25T08:39:45","modified_gmt":"2015-09-25T06:39:45","slug":"bayerns-pflegeministerin-zu-den-beratungen-des-bundestags-ueber-gesetzentwurf-der-bundesregierung","status":"publish","type":"post","link":"https:\/\/www.frankensicht.de\/?p=9035","title":{"rendered":"Bayerns Pflegeministerin zu den Beratungen des Bundestags \u00fcber Gesetzentwurf der Bundesregierung"},"content":{"rendered":"<p><span style=\"color: #ff0000;\">M\u00fcnchen:<\/span><\/p>\n<p>Huml setzt auf zweite Pflegereform-Stufe &#8211; Bayerns Pflegeministerin zu den Beratungen des Bundestags \u00fcber Gesetzentwurf der Bundesregierung<\/p>\n<p>Bayerns Gesundheits- und Pflegeministerin Melanie Huml erwartet von der zweiten Stufe der Pflegereform, \u00fcber die am Freitag der Bundestag beraten wird, eine deutlich bessere Versorgung von Demenzkranken. Huml betonte am Freitag: &#8222;In dem Gesetzentwurf der Bundesregierung ist die Forderung Bayerns enthalten, einen neuen Pflegebed\u00fcrftigkeitsbegriffs einzuf\u00fchren. Dies bedeutet: Menschen mit Demenz erhalten k\u00fcnftig die gleichen Leistungen wie Menschen mit k\u00f6rperlichen Beeintr\u00e4chtigungen.&#8220;<\/p>\n<p><a href=\"https:\/\/www.frankensicht.de\/?attachment_id=2934\" rel=\"attachment wp-att-2934\"><img loading=\"lazy\" decoding=\"async\" class=\"alignnone size-medium wp-image-2934\" src=\"https:\/\/www.frankensicht.de\/wp-content\/uploads\/2012\/06\/altlasten-300x225.png\" alt=\"altlasten\" width=\"300\" height=\"225\" srcset=\"https:\/\/www.frankensicht.de\/wp-content\/uploads\/2012\/06\/altlasten-300x225.png 300w, https:\/\/www.frankensicht.de\/wp-content\/uploads\/2012\/06\/altlasten.png 840w\" sizes=\"auto, (max-width: 300px) 100vw, 300px\" \/><\/a><\/p>\n<p>Die Ministerin f\u00fcgte hinzu: &#8222;Angesichts der Zunahme von Demenzerkrankungen in Deutschland ist es wichtig, rasch zu handeln. Menschen mit Demenz brauchen eine Betreuung und Pflege, die auf ihre speziellen Bed\u00fcrfnisse zugeschnitten ist. In Bayern gibt es schon rund 220.000 Betroffene.&#8220; Mit der Reform sollen zudem die bislang drei Pflegestufen durch f\u00fcnf Pflegegrade ersetzt werden. Damit werden die Bed\u00fcrfnisse des Einzelnen mehr ber\u00fccksichtigt.<\/p>\n<p>Huml bekr\u00e4ftigte zugleich ihre Forderung nach Korrekturen am Pflege-T\u00dcV. Sie unterstrich: &#8222;Pflegebed\u00fcrftige und ihre Angeh\u00f6rigen m\u00fcssen k\u00fcnftig ein realistischeres Bild von der Qualit\u00e4t eines Heims bekommen. Deshalb sollte auf die bisherige Gesamtnote f\u00fcr Pflege-Einrichtungen verzichtet werden.&#8220;<\/p>\n<p>Die Ministerin f\u00fcgte hinzu: &#8222;Erhebliche Pflegem\u00e4ngel m\u00fcssen k\u00fcnftig ein K.-o.-Kriterium sein, das nicht bei der Berechnung der Gesamtnote durch positive Bewertung anderer Faktoren ausgeglichen werden kann. Ferner sollten Fragen, die f\u00fcr die Menschen besonders wichtig sind, st\u00e4rker als bisher in die Bewertung einflie\u00dfen.&#8220;<\/p>\n<p>Schon im vergangenen Jahr hatte Bayern im Bundesrat eine Initiative f\u00fcr eine grundlegende \u00dcberarbeitung des Pflege-T\u00dcV gestartet. Huml betonte: &#8222;Es ist nicht ausreichend, den Qualit\u00e4tsausschuss mit der Erarbeitung eines neuen Qualit\u00e4tsmessungsverfahrens zu beauftragen. Wir fordern konkrete inhaltliche Vorgaben an die Selbstverwaltung im Gesetz.&#8220;<\/p>\n<p>Quelle:stmgp.bayern.de<\/p>\n","protected":false},"excerpt":{"rendered":"<p>M\u00fcnchen: Huml setzt auf zweite Pflegereform-Stufe &#8211; Bayerns Pflegeministerin zu den Beratungen des Bundestags \u00fcber Gesetzentwurf der Bundesregierung Bayerns Gesundheits- und Pflegeministerin Melanie Huml erwartet von der zweiten Stufe der Pflegereform, \u00fcber die am Freitag der Bundestag beraten wird, eine deutlich bessere Versorgung von Demenzkranken. Huml betonte am Freitag: &#8222;In dem Gesetzentwurf der Bundesregierung ist [&hellip;]<\/p>\n","protected":false},"author":7,"featured_media":2934,"comment_status":"closed","ping_status":"open","sticky":false,"template":"","format":"standard","meta":{"footnotes":""},"categories":[78,71],"tags":[1871],"class_list":["post-9035","post","type-post","status-publish","format-standard","has-post-thumbnail","hentry","category-bayern","category-menue","tag-pflegestufe"],"_links":{"self":[{"href":"https:\/\/www.frankensicht.de\/index.php?rest_route=\/wp\/v2\/posts\/9035","targetHints":{"allow":["GET"]}}],"collection":[{"href":"https:\/\/www.frankensicht.de\/index.php?rest_route=\/wp\/v2\/posts"}],"about":[{"href":"https:\/\/www.frankensicht.de\/index.php?rest_route=\/wp\/v2\/types\/post"}],"author":[{"embeddable":true,"href":"https:\/\/www.frankensicht.de\/index.php?rest_route=\/wp\/v2\/users\/7"}],"replies":[{"embeddable":true,"href":"https:\/\/www.frankensicht.de\/index.php?rest_route=%2Fwp%2Fv2%2Fcomments&post=9035"}],"version-history":[{"count":0,"href":"https:\/\/www.frankensicht.de\/index.php?rest_route=\/wp\/v2\/posts\/9035\/revisions"}],"wp:featuredmedia":[{"embeddable":true,"href":"https:\/\/www.frankensicht.de\/index.php?rest_route=\/wp\/v2\/media\/2934"}],"wp:attachment":[{"href":"https:\/\/www.frankensicht.de\/index.php?rest_route=%2Fwp%2Fv2%2Fmedia&parent=9035"}],"wp:term":[{"taxonomy":"category","embeddable":true,"href":"https:\/\/www.frankensicht.de\/index.php?rest_route=%2Fwp%2Fv2%2Fcategories&post=9035"},{"taxonomy":"post_tag","embeddable":true,"href":"https:\/\/www.frankensicht.de\/index.php?rest_route=%2Fwp%2Fv2%2Ftags&post=9035"}],"curies":[{"name":"wp","href":"https:\/\/api.w.org\/{rel}","templated":true}]}}