{"id":8959,"date":"2015-09-05T08:19:50","date_gmt":"2015-09-05T06:19:50","guid":{"rendered":"http:\/\/www.frankensicht.de\/?p=8959"},"modified":"2015-09-05T08:19:50","modified_gmt":"2015-09-05T06:19:50","slug":"entwicklung-des-auftragseingangs-im-verarbeitenden-gewerbe-im-berichtsmonat-juli-2015","status":"publish","type":"post","link":"https:\/\/www.frankensicht.de\/?p=8959","title":{"rendered":"Entwicklung des Auftragseingangs im Verarbeitenden Gewerbe im Berichtsmonat Juli 2015"},"content":{"rendered":"<p><span style=\"color: #ff0000;\">Berlin:<\/span><\/p>\n<p>Entwicklung des Auftragseingangs im Verarbeitenden Gewerbe im Berichtsmonat Juli<br \/>\n2015<\/p>\n<p>Nach Angaben des Statistischen Bundesamtes [1] sind die Auftragseing\u00e4nge im<br \/>\nVerarbeitenden Gewerbe<br \/>\n&lt;http:\/\/www.bmwi.de\/DE\/Themen\/Industrie\/statistische-daten.html&gt; im Juli preis-,<br \/>\nsaison- und arbeitst\u00e4glich bereinigt [2] gegen\u00fcber dem Vormonat um 1,4\u00a0%<br \/>\nzur\u00fcckgegangen. Ohne Ber\u00fccksichtigung von Gro\u00dfauftr\u00e4gen ging die Bestellt\u00e4tigkeit<br \/>\num 1,0\u00a0% zur\u00fcck. Die Bestellungen von Investitionsg\u00fctern nahmen um 1,6\u00a0% ab,<br \/>\nw\u00e4hrend die Auftragseing\u00e4nge f\u00fcr Vorleistungsg\u00fcter nahezu stagnierten (-0,2\u00a0%).<br \/>\nDie Nachfrage nach Konsumg\u00fctern ging um 6,3\u00a0% zur\u00fcck. Positive Impulse kamen im<br \/>\nJuli haupts\u00e4chlich aus dem Inland (+4,1 %).<\/p>\n<p><a href=\"https:\/\/www.frankensicht.de\/?attachment_id=1513\" rel=\"attachment wp-att-1513\"><img loading=\"lazy\" decoding=\"async\" class=\"alignnone size-medium wp-image-1513\" src=\"https:\/\/www.frankensicht.de\/wp-content\/uploads\/2012\/05\/statistik-300x223.jpg\" alt=\"statistik\" width=\"300\" height=\"223\" srcset=\"https:\/\/www.frankensicht.de\/wp-content\/uploads\/2012\/05\/statistik-300x223.jpg 300w, https:\/\/www.frankensicht.de\/wp-content\/uploads\/2012\/05\/statistik.jpeg 370w\" sizes=\"auto, (max-width: 300px) 100vw, 300px\" \/><\/a><\/p>\n<p>Trotz des aktuellen R\u00fcckgangs bleiben die Auftragseing\u00e4nge in der Tendenz<br \/>\ndeutlich aufw\u00e4rtsgerichtet. Vor allem die Bestellt\u00e4tigkeit im Bereich der<br \/>\nInvestitionsg\u00fcter entwickelte sich seit dem Fr\u00fchjahr recht dynamisch aufw\u00e4rts.<br \/>\nDabei profitiert die Industrie ma\u00dfgeblich von der Auslandsnachfrage, insbesondere<br \/>\naus dem Euroraum.<\/p>\n<p>Die wirtschaftliche Erholung im Euroraum und der schwache Euro befl\u00fcgeln das<br \/>\nAuslandsgesch\u00e4ft. Im Inland entwickelt sich die Nachfrage weiterhin verhalten,<br \/>\nauch wenn sich der Maschinenbau im Juli \u00fcber zahlreiche Bestellungen freuen<br \/>\nkonnte. Insgesamt sprechen diese Daten f\u00fcr eine weiter leicht aufw\u00e4rtsgerichtete<br \/>\nKonjunktur im Verarbeitenden Gewerbe.<\/p>\n<p>&#8212;&#8212;&#8212;&#8212;&#8212;&#8212;&#8212;&#8212;&#8212;&#8212;&#8212;&#8212;&#8211;<\/p>\n<p>[1] Pressemitteilung des Statistischen Bundesamtes vom 4. September 2015.<br \/>\n[2] Vorl\u00e4ufige Angaben; Saisonbereinigungsverfahren Census X-12-ARIMA.<\/p>\n<p>Downloads<\/p>\n<p>2015\/07 &#8211; Auftragseingang im Verarbeitenden Gewerbe<br \/>\nBerichtsmonat Juli 2015<br \/>\nPDF:\u00a0 154,5 KB<br \/>\n&lt;http:\/\/www.bmwi.de\/BMWi\/Redaktion\/PDF\/P-R\/auftragseingang-im-verarbeitenden-gewerbe-im-juli-2015,property=pdf,bereich=bmwi,sprache=de,rwb=true.pdf&gt;<\/p>\n<p>&nbsp;<\/p>\n<p>Quelle:bmwi.bund.de<\/p>\n<p>&nbsp;<\/p>\n","protected":false},"excerpt":{"rendered":"<p>Berlin: Entwicklung des Auftragseingangs im Verarbeitenden Gewerbe im Berichtsmonat Juli 2015 Nach Angaben des Statistischen Bundesamtes [1] sind die Auftragseing\u00e4nge im Verarbeitenden Gewerbe &lt;http:\/\/www.bmwi.de\/DE\/Themen\/Industrie\/statistische-daten.html&gt; im Juli preis-, saison- und arbeitst\u00e4glich bereinigt [2] gegen\u00fcber dem Vormonat um 1,4\u00a0% zur\u00fcckgegangen. Ohne Ber\u00fccksichtigung von Gro\u00dfauftr\u00e4gen ging die Bestellt\u00e4tigkeit um 1,0\u00a0% zur\u00fcck. Die Bestellungen von Investitionsg\u00fctern nahmen um 1,6\u00a0% [&hellip;]<\/p>\n","protected":false},"author":7,"featured_media":1513,"comment_status":"closed","ping_status":"open","sticky":false,"template":"","format":"standard","meta":{"footnotes":""},"categories":[44,3,16],"tags":[1854],"class_list":["post-8959","post","type-post","status-publish","format-standard","has-post-thumbnail","hentry","category-deutschland-2","category-news","category-wirtschaft","tag-juli-2015"],"_links":{"self":[{"href":"https:\/\/www.frankensicht.de\/index.php?rest_route=\/wp\/v2\/posts\/8959","targetHints":{"allow":["GET"]}}],"collection":[{"href":"https:\/\/www.frankensicht.de\/index.php?rest_route=\/wp\/v2\/posts"}],"about":[{"href":"https:\/\/www.frankensicht.de\/index.php?rest_route=\/wp\/v2\/types\/post"}],"author":[{"embeddable":true,"href":"https:\/\/www.frankensicht.de\/index.php?rest_route=\/wp\/v2\/users\/7"}],"replies":[{"embeddable":true,"href":"https:\/\/www.frankensicht.de\/index.php?rest_route=%2Fwp%2Fv2%2Fcomments&post=8959"}],"version-history":[{"count":0,"href":"https:\/\/www.frankensicht.de\/index.php?rest_route=\/wp\/v2\/posts\/8959\/revisions"}],"wp:featuredmedia":[{"embeddable":true,"href":"https:\/\/www.frankensicht.de\/index.php?rest_route=\/wp\/v2\/media\/1513"}],"wp:attachment":[{"href":"https:\/\/www.frankensicht.de\/index.php?rest_route=%2Fwp%2Fv2%2Fmedia&parent=8959"}],"wp:term":[{"taxonomy":"category","embeddable":true,"href":"https:\/\/www.frankensicht.de\/index.php?rest_route=%2Fwp%2Fv2%2Fcategories&post=8959"},{"taxonomy":"post_tag","embeddable":true,"href":"https:\/\/www.frankensicht.de\/index.php?rest_route=%2Fwp%2Fv2%2Ftags&post=8959"}],"curies":[{"name":"wp","href":"https:\/\/api.w.org\/{rel}","templated":true}]}}