{"id":894,"date":"2012-04-19T15:38:03","date_gmt":"2012-04-19T13:38:03","guid":{"rendered":"http:\/\/www.frankensicht.de\/?p=894"},"modified":"2012-04-19T15:38:41","modified_gmt":"2012-04-19T13:38:41","slug":"bayern-intensiviert-landerubergreifende-klimaforschung","status":"publish","type":"post","link":"https:\/\/www.frankensicht.de\/?p=894","title":{"rendered":"Bayern intensiviert l\u00e4nder\u00fcbergreifende Klimaforschung"},"content":{"rendered":"<p><span style=\"color: #ff0000;\">M\u00fcnchen:<\/span><br \/>\nMinister Huber: Bayern intensiviert l\u00e4nder\u00fcbergreifende Klimaforschung<br \/>\n876.500 Euro f\u00fcr Vernetzung der alpinen H\u00f6hen-Forschungsstationen<\/p>\n<p class=\"text\">Die H\u00f6hen-Forschungsstationen in den Alpen werden<br \/>\nauf Initiative der Umweltforschungsstation Schneefernerhaus<br \/>\n(UFS) ihre Zusammenarbeit weiter intensivieren und<br \/>\nnoch st\u00e4rker als bisher kooperieren. Dies betonte<br \/>\n<strong>Dr. Marcel Huber, Umweltminister,<\/strong><br \/>\nbei einem Besuch im Schneefernerhaus auf der Zugspitze.<br \/>\n&#8222;Der Klimawandel macht nicht an Landesgrenzen halt.<br \/>\nUm den Alpenraum als einen der sensibelsten Naturr\u00e4ume<br \/>\nzu bewahren, brauchen wir eine umfassende, grenz\u00fcberschreitende<br \/>\nForschung. Eine Zusammenarbeit der H\u00f6hen-Forschungsstationen<br \/>\nist daf\u00fcr unabdingbar&#8220;, so Huber. Die Bayerische Staatsregierung<br \/>\nf\u00f6rdert deshalb die verst\u00e4rkte Kooperation der europ\u00e4ischen<br \/>\nH\u00f6hen-Forschungsstationen mit 876.500 Euro. In einem<br \/>\nersten Schritt vernetzen sich die Umweltforschungsstation<br \/>\nSchneefernerhaus, die Internationale Stiftung Hochalpine<br \/>\nForschungsstation Jungfraujoch und Gornergart (Schweiz),<br \/>\ndas H\u00f6henobservatorium auf dem Sonnblick (\u00d6sterreich)<br \/>\nund die Europ\u00e4ische Akademie Bozen (Italien). Bilaterale<br \/>\nAbsichtserkl\u00e4rungen sind bereits unterzeichnet. Aktuell<br \/>\nbeginnen die Gespr\u00e4che mit den Observatorien Haute<br \/>\nProvence (Frankreich) und Krvavec (Slowenien), die<br \/>\nin einem zweiten Schritt dazu kommen sollen. Huber:<br \/>\n&#8222;Die Umweltforschungsstation Schneefernerhaus ist ein<br \/>\nweltweit anerkanntes Kompetenzzentrum f\u00fcr H\u00f6hen-<br \/>\nund Klimaforschung. Wer die wissenschaftlichen Ursachen<br \/>\ndes Klimawandels kennt, kann aktiv Ma\u00dfnahmen ergreifen,<br \/>\num die Alpen zu sch\u00fctzen. Das sch\u00fctzt zuletzt unser<br \/>\naller Lebensgrundlagen.&#8220; Ziel ist es, genauere Prognosen<br \/>\n\u00fcber die Auswirkungen des Klimawandels im Alpenbereich<br \/>\nzu erhalten, um die regionalen Besonderheiten bei der<br \/>\nBew\u00e4ltigung der Folgen des Klimawandels besser ber\u00fccksichtigen<br \/>\nzu k\u00f6nnen.<\/p>\n<p>Detaillierte Daten und Modelle<br \/>\nals Basis zukunftsgerichteter Klimastrategien sind<br \/>\nlaut Huber Grundlage f\u00fcr eine verantwortungsvolle<br \/>\nKlimapolitik. Das Bayerische Umweltministerium hat<br \/>\ndeshalb bereits einem Vorprogramm zugestimmt, um die<br \/>\ndazu notwendige Infrastruktur der Umweltforschungsstation<br \/>\nSchneefernerhaus noch in diesem Jahr auszubauen und<br \/>\ngemeinsam mit den benachbarten Alpenobservatorien die<br \/>\nwissenschaftlichen Ziele abzustimmen. Dazu z\u00e4hlen<br \/>\netwa der Erwerb von technischem Equipement, mit dessen<br \/>\nHilfe ein l\u00e4nder\u00fcbergreifender Datenaustausch m\u00f6glich<br \/>\nwird, und hochmoderner Laserscanner zur dreidimensionalen<br \/>\nErfassung der klimabedingten \u00c4nderungen der Schneedecke,<br \/>\nder Gletscherdynamik und deren spezifische Abschmelzmuster.<\/p>\n<p>Zur<br \/>\nB\u00fcndelung von Kompetenzen und Steigerung der wissenschaftlichen<br \/>\nBedeutung hatte die Staatsregierung bereits im Jahr<br \/>\n2005 das Bayerische Umweltministerium mit der umfassenden<br \/>\nNeuausrichtung des Schneefernerhauses beauftragt. Ergebnis<br \/>\nwar ein Kooperationsverbund von zehn renommierten Forschungsorganisationen<br \/>\nzum \u201eVirtuellen Institut Umweltforschungsstation<br \/>\nSchneefernerhaus\u201c, die h\u00f6chstgelegene Forschungsstation<br \/>\nDeutschlands. Unterhalt und Neuausrichtung der UFS<br \/>\nwurden seitdem mit etwa zehn Millionen Euro unterst\u00fctzt.<\/p>\n<p>Quelle: stmug.bayern.de<\/p>\n<p>&nbsp;<\/p>\n<p>&nbsp;<\/p>\n","protected":false},"excerpt":{"rendered":"<p>M\u00fcnchen: Minister Huber: Bayern intensiviert l\u00e4nder\u00fcbergreifende Klimaforschung 876.500 Euro f\u00fcr Vernetzung der alpinen H\u00f6hen-Forschungsstationen Die H\u00f6hen-Forschungsstationen in den Alpen werden auf Initiative der Umweltforschungsstation Schneefernerhaus (UFS) ihre Zusammenarbeit weiter intensivieren und noch st\u00e4rker als bisher kooperieren. Dies betonte Dr. Marcel Huber, Umweltminister, bei einem Besuch im Schneefernerhaus auf der Zugspitze. &#8222;Der Klimawandel macht nicht an [&hellip;]<\/p>\n","protected":false},"author":7,"featured_media":0,"comment_status":"open","ping_status":"open","sticky":false,"template":"","format":"standard","meta":{"footnotes":""},"categories":[78],"tags":[238],"class_list":["post-894","post","type-post","status-publish","format-standard","hentry","category-bayern","tag-klimaschutz"],"_links":{"self":[{"href":"https:\/\/www.frankensicht.de\/index.php?rest_route=\/wp\/v2\/posts\/894","targetHints":{"allow":["GET"]}}],"collection":[{"href":"https:\/\/www.frankensicht.de\/index.php?rest_route=\/wp\/v2\/posts"}],"about":[{"href":"https:\/\/www.frankensicht.de\/index.php?rest_route=\/wp\/v2\/types\/post"}],"author":[{"embeddable":true,"href":"https:\/\/www.frankensicht.de\/index.php?rest_route=\/wp\/v2\/users\/7"}],"replies":[{"embeddable":true,"href":"https:\/\/www.frankensicht.de\/index.php?rest_route=%2Fwp%2Fv2%2Fcomments&post=894"}],"version-history":[{"count":0,"href":"https:\/\/www.frankensicht.de\/index.php?rest_route=\/wp\/v2\/posts\/894\/revisions"}],"wp:attachment":[{"href":"https:\/\/www.frankensicht.de\/index.php?rest_route=%2Fwp%2Fv2%2Fmedia&parent=894"}],"wp:term":[{"taxonomy":"category","embeddable":true,"href":"https:\/\/www.frankensicht.de\/index.php?rest_route=%2Fwp%2Fv2%2Fcategories&post=894"},{"taxonomy":"post_tag","embeddable":true,"href":"https:\/\/www.frankensicht.de\/index.php?rest_route=%2Fwp%2Fv2%2Ftags&post=894"}],"curies":[{"name":"wp","href":"https:\/\/api.w.org\/{rel}","templated":true}]}}