{"id":8938,"date":"2015-08-31T08:12:16","date_gmt":"2015-08-31T06:12:16","guid":{"rendered":"http:\/\/www.frankensicht.de\/?p=8938"},"modified":"2015-08-31T08:12:16","modified_gmt":"2015-08-31T06:12:16","slug":"messestandort-bayern-waechst-ueberdurchschnittlich","status":"publish","type":"post","link":"https:\/\/www.frankensicht.de\/?p=8938","title":{"rendered":"Messestandort Bayern w\u00e4chst \u00fcberdurchschnittlich"},"content":{"rendered":"<p><span style=\"color: #ff0000;\">M\u00fcnchen:<\/span><\/p>\n<p>Messestandort Bayern w\u00e4chst \u00fcberdurchschnittlich<\/p>\n<p>Aigner: \u201eBayern ist einer der erfolgreichsten Messestandorte weltweit\u201c<br \/>\nBayerns Wirtschaftsministerin Ilse Aigner sieht gro\u00dfe Chancen f\u00fcr eine weiterhin positive Entwicklung des Messestandorts Bayern: Die Bilanz des Jahres 2014 sowie die Aussichten f\u00fcr 2015 belegen, dass der Messestandort Bayern im internationalen Vergleich hervorragend aufgestellt ist, sagt die Ministerin. Zahlreiche international renommierte Leitmessen w\u00fcrden in Bayern abgehalten. Mit der bauma in M\u00fcnchen finde auch die gr\u00f6\u00dfte Messe der Welt im Freistaat statt. Au\u00dferdem seien die bayerischen Messegesellschaften mit zahlreichen Veranstaltungen auch im Ausland sehr erfolgreich, so Aigner.<\/p>\n<p><a href=\"https:\/\/www.frankensicht.de\/?attachment_id=1457\" rel=\"attachment wp-att-1457\"><img loading=\"lazy\" decoding=\"async\" class=\"alignnone size-full wp-image-1457\" src=\"https:\/\/www.frankensicht.de\/wp-content\/uploads\/2012\/05\/StatPressCN-\u2039-frankensicht.de-\u2014-WordPress_1336737358340.jpeg\" alt=\"StatPressCN \u2039 frankensicht.de \u2014 WordPress_1336737358340\" width=\"235\" height=\"119\" \/><\/a><\/p>\n<p>Mit Augsburg, N\u00fcrnberg und M\u00fcnchen hat Bayern drei Messepl\u00e4tze von Weltrang, sagt die Wirtschaftsministerin: Das st\u00e4rkt die bayerische Wirtschaft, die sich hier einem internationalen Publikum quasi direkt vor der Haust\u00fcr pr\u00e4sentieren kann.<\/p>\n<p>2014 sind die Aussteller- und Besucherzahlen sowie die vermietete Fl\u00e4che bei den internationalen Fachmessen am Messestandort Bayern im Vergleich zum Bundesdurchschnitt erneut st\u00e4rker gewachsen. Bei den Ausstellern war deutschlandweit ein Plus von 1,5 Prozent zu verzeichnen. An den bayerischen Messepl\u00e4tzen war der Zuwachs mehr als doppelt so gro\u00df.<\/p>\n<p>Aigner weiter: Die Messen und Messebeteiligungen unter dem Label ,Made in Bavaria bieten bayerischen Unternehmen \u00fcber Auslandsmessen deutscher und bayerischer Veranstalter direkten Zugang zu den Exportm\u00e4rkten, etwa durch eine Beteiligung auf dem Gemeinschaftsstand von Bayern International. Auf Messen im In- und Ausland sind bayerische Firmen sehr gefragt, denn ,Made in Bavaria steht weltweit f\u00fcr h\u00f6chste Qualit\u00e4t zu fairen Preisen.<\/p>\n<p>F\u00fcr das zweite Halbjahr 2015 erwartet Bayerns Wirtschaftsministerin Ilse Aigner eine Fortsetzung des positiven Trends. Die Konjunktur in Bayern ist ungebrochen. Unsere Wirtschaft w\u00e4chst stetig. Au\u00dferdem entwickeln sich die bayerischen Messepl\u00e4tze kontinuierlich zielgruppenorientiert weiter. Ich rechne daher auch f\u00fcr die zweite Jahresh\u00e4lfte mit regem Interesse an unseren Messen. Besonders freut es mich dabei, dass es uns gelungen ist, mit der Airtech eine der Leitmessen f\u00fcr die Luftfahrtindustrie im November erstmalig nach Bayern zu holen.<\/p>\n<p>Quelle: stmwi.bayern.de<\/p>\n<p>&nbsp;<\/p>\n","protected":false},"excerpt":{"rendered":"<p>M\u00fcnchen: Messestandort Bayern w\u00e4chst \u00fcberdurchschnittlich Aigner: \u201eBayern ist einer der erfolgreichsten Messestandorte weltweit\u201c Bayerns Wirtschaftsministerin Ilse Aigner sieht gro\u00dfe Chancen f\u00fcr eine weiterhin positive Entwicklung des Messestandorts Bayern: Die Bilanz des Jahres 2014 sowie die Aussichten f\u00fcr 2015 belegen, dass der Messestandort Bayern im internationalen Vergleich hervorragend aufgestellt ist, sagt die Ministerin. Zahlreiche international renommierte [&hellip;]<\/p>\n","protected":false},"author":7,"featured_media":1457,"comment_status":"closed","ping_status":"open","sticky":false,"template":"","format":"standard","meta":{"footnotes":""},"categories":[78,71],"tags":[1851,395],"class_list":["post-8938","post","type-post","status-publish","format-standard","has-post-thumbnail","hentry","category-bayern","category-menue","tag-messe","tag-wirtschaft-2"],"_links":{"self":[{"href":"https:\/\/www.frankensicht.de\/index.php?rest_route=\/wp\/v2\/posts\/8938","targetHints":{"allow":["GET"]}}],"collection":[{"href":"https:\/\/www.frankensicht.de\/index.php?rest_route=\/wp\/v2\/posts"}],"about":[{"href":"https:\/\/www.frankensicht.de\/index.php?rest_route=\/wp\/v2\/types\/post"}],"author":[{"embeddable":true,"href":"https:\/\/www.frankensicht.de\/index.php?rest_route=\/wp\/v2\/users\/7"}],"replies":[{"embeddable":true,"href":"https:\/\/www.frankensicht.de\/index.php?rest_route=%2Fwp%2Fv2%2Fcomments&post=8938"}],"version-history":[{"count":0,"href":"https:\/\/www.frankensicht.de\/index.php?rest_route=\/wp\/v2\/posts\/8938\/revisions"}],"wp:featuredmedia":[{"embeddable":true,"href":"https:\/\/www.frankensicht.de\/index.php?rest_route=\/wp\/v2\/media\/1457"}],"wp:attachment":[{"href":"https:\/\/www.frankensicht.de\/index.php?rest_route=%2Fwp%2Fv2%2Fmedia&parent=8938"}],"wp:term":[{"taxonomy":"category","embeddable":true,"href":"https:\/\/www.frankensicht.de\/index.php?rest_route=%2Fwp%2Fv2%2Fcategories&post=8938"},{"taxonomy":"post_tag","embeddable":true,"href":"https:\/\/www.frankensicht.de\/index.php?rest_route=%2Fwp%2Fv2%2Ftags&post=8938"}],"curies":[{"name":"wp","href":"https:\/\/api.w.org\/{rel}","templated":true}]}}