{"id":8931,"date":"2015-08-29T07:57:29","date_gmt":"2015-08-29T05:57:29","guid":{"rendered":"http:\/\/www.frankensicht.de\/?p=8931"},"modified":"2015-08-29T07:57:39","modified_gmt":"2015-08-29T05:57:39","slug":"im-labyrinth-des-schweigens-als-deutscher-beitrag-im-rennen-um-den-oscar","status":"publish","type":"post","link":"https:\/\/www.frankensicht.de\/?p=8931","title":{"rendered":",Im Labyrinth des Schweigens\u2018 als deutscher Beitrag im Rennen um den Oscar"},"content":{"rendered":"<p><span style=\"color: #ff0000;\">M\u00fcnchen:<\/span><\/p>\n<p>,Im Labyrinth des Schweigens\u2018 als deutscher Beitrag im Rennen um den Oscar<\/p>\n<p>Aigner: \u201eDie Auswahl von Labyrinth des Schweigens zeigt wie stark der Filmstandort Bayern aufgestellt ist\u201c<br \/>\nMit dem 2014 fertig gestellten Film ,Im Labyrinth des Schweigens geht ein Film aus Bayern als deutscher Beitrag ins Rennen um den Oscar. Bayerns Medienministerin Ilse Aigner: &amp;bdquo;Die Mischung aus kreativen K\u00f6pfen, erfolgreichen Produzenten, einem wirtschaftlich starken Umfeld und einer der st\u00e4rksten L\u00e4nderf\u00f6rderungen Deutschlands hat sicher zu diesem Erfolg beigetragen. Ich gratuliere den Machern des Films ganz herzlich.&amp;ldquo; Eine von German Films berufene Fachjury hat das FFF-gef\u00f6rderte Drama von Regisseur Giulio Riccarelli ausgew\u00e4hlt, um es f\u00fcr eine Nominierung bei der Academy of Motion Pictures Arts and Sciences einzureichen. Mit ,Elser- Er h\u00e4tte die Welt ver\u00e4ndert&amp;lsquo; war ein weiteres FFF-gef\u00f6rdertes Drama in der Endauswahl.<\/p>\n<p><a href=\"https:\/\/www.frankensicht.de\/?attachment_id=7610\" rel=\"attachment wp-att-7610\"><img loading=\"lazy\" decoding=\"async\" class=\"alignnone size-medium wp-image-7610\" src=\"https:\/\/www.frankensicht.de\/wp-content\/uploads\/2014\/09\/bayern-300x180.png\" alt=\"bayern\" width=\"300\" height=\"180\" srcset=\"https:\/\/www.frankensicht.de\/wp-content\/uploads\/2014\/09\/bayern-300x180.png 300w, https:\/\/www.frankensicht.de\/wp-content\/uploads\/2014\/09\/bayern.png 1000w\" sizes=\"auto, (max-width: 300px) 100vw, 300px\" \/><\/a><\/p>\n<p>Die abschlie\u00dfende Entscheidung \u00fcber die f\u00fcnf f\u00fcr den Oscar nominierten Filme wird am 14. Januar 2016 bekanntgegeben. Die Verleihung selbst findet am 28. Februar 2016 im Dolby Theatre in Hollywood statt. Aigner: Ich dr\u00fccke nat\u00fcrlich die Daumen, dass ,Im Labyrinth des Schweigens&amp;lsquo; von der ,Academy nominiert wird und am Ende auch den begehrten Oscar erh\u00e4lt.<\/p>\n<p>Der Deb\u00fctfilm von Giulio Riccarelli feierte seine Premiere auf dem Toronto International Film Festival im September 2014 und startete am 6. November 2014 in den deutschen Kinos. Produziert wurde der Film von Jakob Claussen und UIi Putz (Claussen+W\u00f6bke+Putz Filmproduktion) sowie von Sabine Lamby (naked eye Filmproduktion). Alexander Fehling erhielt im Januar 2015 den Bayerischen Filmpreis in der Kategorie ,Bester Darsteller&amp;lsquo;. Der FFF Bayern hat das Projekt mit insgesamt 873.074 Euro (inklusive 200.000 Euro Bayerischer Bankenfonds) in der Produktion gef\u00f6rdert.<\/p>\n<p>Quelle:stmwi.bayern.de<\/p>\n<p>&nbsp;<\/p>\n","protected":false},"excerpt":{"rendered":"<p>M\u00fcnchen: ,Im Labyrinth des Schweigens\u2018 als deutscher Beitrag im Rennen um den Oscar Aigner: \u201eDie Auswahl von Labyrinth des Schweigens zeigt wie stark der Filmstandort Bayern aufgestellt ist\u201c Mit dem 2014 fertig gestellten Film ,Im Labyrinth des Schweigens geht ein Film aus Bayern als deutscher Beitrag ins Rennen um den Oscar. Bayerns Medienministerin Ilse Aigner: [&hellip;]<\/p>\n","protected":false},"author":7,"featured_media":7610,"comment_status":"closed","ping_status":"open","sticky":false,"template":"","format":"standard","meta":{"footnotes":""},"categories":[78,71],"tags":[1849],"class_list":["post-8931","post","type-post","status-publish","format-standard","has-post-thumbnail","hentry","category-bayern","category-menue","tag-oscar"],"_links":{"self":[{"href":"https:\/\/www.frankensicht.de\/index.php?rest_route=\/wp\/v2\/posts\/8931","targetHints":{"allow":["GET"]}}],"collection":[{"href":"https:\/\/www.frankensicht.de\/index.php?rest_route=\/wp\/v2\/posts"}],"about":[{"href":"https:\/\/www.frankensicht.de\/index.php?rest_route=\/wp\/v2\/types\/post"}],"author":[{"embeddable":true,"href":"https:\/\/www.frankensicht.de\/index.php?rest_route=\/wp\/v2\/users\/7"}],"replies":[{"embeddable":true,"href":"https:\/\/www.frankensicht.de\/index.php?rest_route=%2Fwp%2Fv2%2Fcomments&post=8931"}],"version-history":[{"count":0,"href":"https:\/\/www.frankensicht.de\/index.php?rest_route=\/wp\/v2\/posts\/8931\/revisions"}],"wp:featuredmedia":[{"embeddable":true,"href":"https:\/\/www.frankensicht.de\/index.php?rest_route=\/wp\/v2\/media\/7610"}],"wp:attachment":[{"href":"https:\/\/www.frankensicht.de\/index.php?rest_route=%2Fwp%2Fv2%2Fmedia&parent=8931"}],"wp:term":[{"taxonomy":"category","embeddable":true,"href":"https:\/\/www.frankensicht.de\/index.php?rest_route=%2Fwp%2Fv2%2Fcategories&post=8931"},{"taxonomy":"post_tag","embeddable":true,"href":"https:\/\/www.frankensicht.de\/index.php?rest_route=%2Fwp%2Fv2%2Ftags&post=8931"}],"curies":[{"name":"wp","href":"https:\/\/api.w.org\/{rel}","templated":true}]}}