{"id":8927,"date":"2015-08-28T11:25:30","date_gmt":"2015-08-28T09:25:30","guid":{"rendered":"http:\/\/www.frankensicht.de\/?p=8927"},"modified":"2015-08-28T11:25:30","modified_gmt":"2015-08-28T09:25:30","slug":"neues-angebot-fuer-versorgung-schwerstkranker-patienten-in-niederbayern","status":"publish","type":"post","link":"https:\/\/www.frankensicht.de\/?p=8927","title":{"rendered":"Neues Angebot f\u00fcr Versorgung schwerstkranker Patienten in Niederbayern"},"content":{"rendered":"<p><span style=\"color: #ff0000;\">M\u00fcnchen -Passau:<\/span><\/p>\n<p>Huml f\u00f6rdert Ausbau der ambulanten Palliativversorgung in Passau &#8211; Bayerns Gesundheitsministerin: Neues Angebot f\u00fcr Versorgung schwerstkranker Patienten in Niederbayern<\/p>\n<p>Bayerns Gesundheits- und Pflegeministerin Melanie Huml treibt den Ausbau der spezialisierten ambulanten Palliativversorgung (SAPV) im Freistaat weiter voran. Huml betonte am Freitag: &#8222;Durch das neue SAPV-Team f\u00fcr die Stadt und den Landkreis Passau bauen wir die wohnortnahe Versorgung schwerstkranker Menschen weiter aus. Ziel ist es, die Lebensqualit\u00e4t und die Selbstbestimmung der Patienten in ihrer vertrauten Umgebung zu erhalten, Schmerzen zu lindern und ihnen eine einf\u00fchlsame Sterbebegleitung zu bieten. Damit setzen wir ein Zeichen f\u00fcr ein Leben in W\u00fcrde bis zuletzt.&#8220;<\/p>\n<p>Mit dem Hospizverein Passau und dem Palliativnetz Niederbayern haben sich zwei in der Region etablierte Institutionen zur Gr\u00fcndung der SAPV-Passau gGmbH zusammengeschlossen. Zum 1. Oktober 2015 nimmt das SAPV-Team seine Arbeit auf. Das Bayerische Gesundheitsministerium unterst\u00fctzt die Aufbauphase dieses Teams mit 15.000 Euro. Insgesamt stellt der Freistaat in diesem Jahr wieder 100.000 Euro f\u00fcr die Anschubfinanzierung von SAPV-Teams zur Verf\u00fcgung.<\/p>\n<p>Die Ministerin unterstrich: &#8222;Bayern setzt sich bereits seit Langem f\u00fcr den Ausbau der Hospiz- und Palliativversorgung ein. Mit einem Team aus qualifizierten \u00c4rzten, geschulten Pflegekr\u00e4ften und weiteren Fachkr\u00e4ften bietet die spezialisierte ambulante Palliativversorgung den Betroffenen und ihren Angeh\u00f6rigen f\u00fcrsorgliche Begleitung und menschliche N\u00e4he auf ihrem letzten Weg.&#8220;<\/p>\n<p><a href=\"https:\/\/www.frankensicht.de\/?attachment_id=4951\" rel=\"attachment wp-att-4951\"><img loading=\"lazy\" decoding=\"async\" class=\"alignnone size-medium wp-image-4951\" src=\"https:\/\/www.frankensicht.de\/wp-content\/uploads\/2013\/01\/krankenhaus-300x187.jpg\" alt=\"krankenhaus\" width=\"300\" height=\"187\" srcset=\"https:\/\/www.frankensicht.de\/wp-content\/uploads\/2013\/01\/krankenhaus-300x187.jpg 300w, https:\/\/www.frankensicht.de\/wp-content\/uploads\/2013\/01\/krankenhaus.jpg 640w\" sizes=\"auto, (max-width: 300px) 100vw, 300px\" \/><\/a><\/p>\n<p>Huml erg\u00e4nzte: &#8222;Palliativmedizin ist gelebte Menschlichkeit. Deswegen liegt es mir sehr am Herzen, schwerstkranke Menschen und ihre Familien mit einer einf\u00fchlsamen Sterbebegleitung zu unterst\u00fctzen. F\u00fcr die Betroffenen und ihre Angeh\u00f6rigen sind wohnortnahe Angebote besonders wichtig, die Patienten mit schweren Erkrankungen nicht allein lassen. Denn wenn schwerstkranke Menschen wissen, dass sie am Ende ihres Lebens nicht allein gelassen werden, ist auch der Wunsch nach Sterbehilfe geringer. Deshalb setze ich mich daf\u00fcr ein, allen betroffenen Menschen in Bayern Zugang zu einer wohnortnahen palliativmedizinischen Versorgung zu erm\u00f6glichen.&#8220;<\/p>\n<p>Mit dem neuen SAPV-Team in Passau werden ab Oktober insgesamt 37 Teams f\u00fcr Erwachsene in ganz Bayern t\u00e4tig sein &#8211; davon 18 im l\u00e4ndlichen Raum sowie 4 weitere Teams f\u00fcr Kinder- und Jugendliche.<\/p>\n<p>Neben der ambulanten Versorgung unterst\u00fctzt der Freistaat auch den Ausbau station\u00e4rer Hospize mit bis zu 10.000 Euro pro Hospizplatz. Im station\u00e4ren Bereich verf\u00fcgt Bayern derzeit \u00fcber 18 Hospize mit 180 Pl\u00e4tzen sowie ein station\u00e4res Kinderhospiz im schw\u00e4bischen Bad Gr\u00f6nenbach.<\/p>\n<p>Mehr Informationen zur spezialisierten ambulanten Palliativversorgung finden Sie im Internet unter http:\/\/www.stmgp.bayern.de\/palliativmedizin\/spez_ambulant.htm.<\/p>\n<p>Quelle:stmgp.bayern.de<\/p>\n","protected":false},"excerpt":{"rendered":"<p>M\u00fcnchen -Passau: Huml f\u00f6rdert Ausbau der ambulanten Palliativversorgung in Passau &#8211; Bayerns Gesundheitsministerin: Neues Angebot f\u00fcr Versorgung schwerstkranker Patienten in Niederbayern Bayerns Gesundheits- und Pflegeministerin Melanie Huml treibt den Ausbau der spezialisierten ambulanten Palliativversorgung (SAPV) im Freistaat weiter voran. Huml betonte am Freitag: &#8222;Durch das neue SAPV-Team f\u00fcr die Stadt und den Landkreis Passau bauen [&hellip;]<\/p>\n","protected":false},"author":7,"featured_media":4951,"comment_status":"closed","ping_status":"open","sticky":false,"template":"","format":"standard","meta":{"footnotes":""},"categories":[78,71],"tags":[1848],"class_list":["post-8927","post","type-post","status-publish","format-standard","has-post-thumbnail","hentry","category-bayern","category-menue","tag-medizin"],"_links":{"self":[{"href":"https:\/\/www.frankensicht.de\/index.php?rest_route=\/wp\/v2\/posts\/8927","targetHints":{"allow":["GET"]}}],"collection":[{"href":"https:\/\/www.frankensicht.de\/index.php?rest_route=\/wp\/v2\/posts"}],"about":[{"href":"https:\/\/www.frankensicht.de\/index.php?rest_route=\/wp\/v2\/types\/post"}],"author":[{"embeddable":true,"href":"https:\/\/www.frankensicht.de\/index.php?rest_route=\/wp\/v2\/users\/7"}],"replies":[{"embeddable":true,"href":"https:\/\/www.frankensicht.de\/index.php?rest_route=%2Fwp%2Fv2%2Fcomments&post=8927"}],"version-history":[{"count":0,"href":"https:\/\/www.frankensicht.de\/index.php?rest_route=\/wp\/v2\/posts\/8927\/revisions"}],"wp:featuredmedia":[{"embeddable":true,"href":"https:\/\/www.frankensicht.de\/index.php?rest_route=\/wp\/v2\/media\/4951"}],"wp:attachment":[{"href":"https:\/\/www.frankensicht.de\/index.php?rest_route=%2Fwp%2Fv2%2Fmedia&parent=8927"}],"wp:term":[{"taxonomy":"category","embeddable":true,"href":"https:\/\/www.frankensicht.de\/index.php?rest_route=%2Fwp%2Fv2%2Fcategories&post=8927"},{"taxonomy":"post_tag","embeddable":true,"href":"https:\/\/www.frankensicht.de\/index.php?rest_route=%2Fwp%2Fv2%2Ftags&post=8927"}],"curies":[{"name":"wp","href":"https:\/\/api.w.org\/{rel}","templated":true}]}}