{"id":8909,"date":"2015-08-25T09:09:19","date_gmt":"2015-08-25T07:09:19","guid":{"rendered":"http:\/\/www.frankensicht.de\/?p=8909"},"modified":"2015-08-25T09:09:19","modified_gmt":"2015-08-25T07:09:19","slug":"bundesminister-eroeffnet-deutschen-fischereitag-in-rostock","status":"publish","type":"post","link":"https:\/\/www.frankensicht.de\/?p=8909","title":{"rendered":"Bundesminister er\u00f6ffnet Deutschen Fischereitag in Rostock"},"content":{"rendered":"<p><span style=\"color: #ff0000;\">Berlin- Rostock:<\/span><\/p>\n<p>Schmidt: \u201eIch setze mich f\u00fcr die K\u00fcstenfischerei der Ostsee ein!\u201c<br \/>\nBundesminister er\u00f6ffnet Deutschen Fischereitag in Rostock<\/p>\n<p>Im Vorfeld zur Er\u00f6ffnung des Deutschen Fischereitages am Dienstag \u00e4u\u00dferte sich Bundeslandwirtschaftsminister Christian Schmidt zu aktuellen fischereipolitischen Themen. Als problematisch sieht er vor allem die vom Internationalen Rat f\u00fcr Meeresforschung (ICES) vorgeschla\u00adgenen abrupten und substanziellen Quotenk\u00fcrzung f\u00fcr den Dorsch in der westlichen Ostsee f\u00fcr das Jahr 2016. \u201eNachdem die Fangmengen bereits in den Vorjahren kontinuierlich zur\u00fcckgingen, w\u00e4re vor allem die K\u00fcrzung beim Westdorsch f\u00fcr unsere klein strukturierte K\u00fcstenfischerei kaum mehr verkraftbar. Ich setze mich daher f\u00fcr eine Anpassung zugunsten der K\u00fcsten\u00adfischerei der Ostsee auf europ\u00e4ischer Ebene ein. Das steht der beabsichtigten nachhaltigen Bewirtschaftung des Dorschbestandes vor dem Jahr 2020 nicht entgegen\u201c, sagte Schmidt.<\/p>\n<p><a href=\"https:\/\/www.frankensicht.de\/?attachment_id=8913\" rel=\"attachment wp-att-8913\"><img loading=\"lazy\" decoding=\"async\" class=\"alignnone size-medium wp-image-8913\" src=\"https:\/\/www.frankensicht.de\/wp-content\/uploads\/2015\/08\/angeln-300x225.jpg\" alt=\"angeln\" width=\"300\" height=\"225\" srcset=\"https:\/\/www.frankensicht.de\/wp-content\/uploads\/2015\/08\/angeln-300x225.jpg 300w, https:\/\/www.frankensicht.de\/wp-content\/uploads\/2015\/08\/angeln.jpg 640w\" sizes=\"auto, (max-width: 300px) 100vw, 300px\" \/><\/a><br \/>\nBundesminister Schmidt \u00e4u\u00dferte zudem Kritik an dem vom europ\u00e4ischen Parlament geforderten restriktiven Ansatz f\u00fcr die j\u00e4hrliche Festlegung der Fangmengen durch die EU-Fischereiminister beim Vor\u00adschlag f\u00fcr den Mehrartenplan Ostsee: \u201eDiese Vorschl\u00e4ge schie\u00dfen aus meiner Sicht weit \u00fcber das Ziel hinaus. Sie lassen im \u00dcbrigen die j\u00fcngsten Empfehlungen des ICES hierzu v\u00f6llig au\u00dfer Acht. Diese sehen eine wesentlich gr\u00f6\u00dfere Bandbreite f\u00fcr die Festlegung der Fangmengen vor. Das ICES-Konzept muss meines Erachtens die Basis f\u00fcr das k\u00fcnftige Fischerei-Management in der Ostsee sein. Nur so l\u00e4sst sich den besonderen Bedingungen in der Ostseefischerei ange\u00admessen Rechnung tragen, ohne das Ziel des h\u00f6chstm\u00f6glichen Dauerertrags aus den Augen zu verlieren.\u201c<\/p>\n<p>Quelle:bmel.bund.de<\/p>\n<p>&nbsp;<\/p>\n","protected":false},"excerpt":{"rendered":"<p>Berlin- Rostock: Schmidt: \u201eIch setze mich f\u00fcr die K\u00fcstenfischerei der Ostsee ein!\u201c Bundesminister er\u00f6ffnet Deutschen Fischereitag in Rostock Im Vorfeld zur Er\u00f6ffnung des Deutschen Fischereitages am Dienstag \u00e4u\u00dferte sich Bundeslandwirtschaftsminister Christian Schmidt zu aktuellen fischereipolitischen Themen. Als problematisch sieht er vor allem die vom Internationalen Rat f\u00fcr Meeresforschung (ICES) vorgeschla\u00adgenen abrupten und substanziellen Quotenk\u00fcrzung f\u00fcr [&hellip;]<\/p>\n","protected":false},"author":7,"featured_media":8913,"comment_status":"closed","ping_status":"open","sticky":false,"template":"","format":"standard","meta":{"footnotes":""},"categories":[44,3],"tags":[1847],"class_list":["post-8909","post","type-post","status-publish","format-standard","has-post-thumbnail","hentry","category-deutschland-2","category-news","tag-kuestenfischerei"],"_links":{"self":[{"href":"https:\/\/www.frankensicht.de\/index.php?rest_route=\/wp\/v2\/posts\/8909","targetHints":{"allow":["GET"]}}],"collection":[{"href":"https:\/\/www.frankensicht.de\/index.php?rest_route=\/wp\/v2\/posts"}],"about":[{"href":"https:\/\/www.frankensicht.de\/index.php?rest_route=\/wp\/v2\/types\/post"}],"author":[{"embeddable":true,"href":"https:\/\/www.frankensicht.de\/index.php?rest_route=\/wp\/v2\/users\/7"}],"replies":[{"embeddable":true,"href":"https:\/\/www.frankensicht.de\/index.php?rest_route=%2Fwp%2Fv2%2Fcomments&post=8909"}],"version-history":[{"count":0,"href":"https:\/\/www.frankensicht.de\/index.php?rest_route=\/wp\/v2\/posts\/8909\/revisions"}],"wp:featuredmedia":[{"embeddable":true,"href":"https:\/\/www.frankensicht.de\/index.php?rest_route=\/wp\/v2\/media\/8913"}],"wp:attachment":[{"href":"https:\/\/www.frankensicht.de\/index.php?rest_route=%2Fwp%2Fv2%2Fmedia&parent=8909"}],"wp:term":[{"taxonomy":"category","embeddable":true,"href":"https:\/\/www.frankensicht.de\/index.php?rest_route=%2Fwp%2Fv2%2Fcategories&post=8909"},{"taxonomy":"post_tag","embeddable":true,"href":"https:\/\/www.frankensicht.de\/index.php?rest_route=%2Fwp%2Fv2%2Ftags&post=8909"}],"curies":[{"name":"wp","href":"https:\/\/api.w.org\/{rel}","templated":true}]}}