{"id":8901,"date":"2015-08-22T07:56:34","date_gmt":"2015-08-22T05:56:34","guid":{"rendered":"http:\/\/www.frankensicht.de\/?p=8901"},"modified":"2015-08-22T07:56:34","modified_gmt":"2015-08-22T05:56:34","slug":"bayerns-wirtschaftsministerin-ilse-aigner-zu-neuen-halbjahreszahlen-im-bayerischen-aussenhandel","status":"publish","type":"post","link":"https:\/\/www.frankensicht.de\/?p=8901","title":{"rendered":"Bayerns Wirtschaftsministerin Ilse Aigner zu neuen Halbjahreszahlen im bayerischen Au\u00dfenhandel"},"content":{"rendered":"<p><span style=\"color: #ff0000;\">M\u00fcnchen:<\/span><\/p>\n<p>Bayerns Wirtschaftsministerin Ilse Aigner zu neuen Halbjahreszahlen im bayerischen Au\u00dfenhandel<\/p>\n<p>Aigner: \u201eBayerns Unternehmen behaupten sich im internationalen Wettbewerb \/ Bayerische Wirtschaft befindet sich klar auf Wachstumskurs \/ Nie zuvor mehr Menschen im Freistaat sozialversicherungspflichtig besch\u00e4ftigt\u201c<br \/>\nBayerns Wirtschaftsministerin Ilse Aigner sieht in den Au\u00dfenhandelszahlen f\u00fcr das erste Halbjahr 2015 einen Beleg f\u00fcr die internationale Wettbewerbsf\u00e4higkeit bayerischer Unternehmen. Aigner: Der bayerische Export befindet sich auch weiterhin im Aufschwung. Das Exportvolumen betrug von Januar bis Juni 87,3 Milliarden Euro und ist damit um 4,6 Prozent gegen\u00fcber dem Vorjahreszeitraum gestiegen. Zuletzt lagen die Exporte sogar um 9,1 Prozent \u00fcber dem Vorjahresniveau \u00a0und das trotz des aktuellen Konjunktureinbruchs beim wichtigen Handelspartner China.<\/p>\n<p>Aigner weiter: Die gro\u00dfe St\u00e4rke und Dynamik der bayerischen Wirtschaft resultiert aus ihrer weltweiten Pr\u00e4senz und ihrer engen Verflechtung mit der globalen Wirtschaft. Mehr als jeder zweite Euro der bayerischen Industrie wird im Ausland verdient, Tendenz weiter steigend: Aktuell betr\u00e4gt die Exportquote stolze 51,2 Prozent. Bayerns erfolgreiche Exporteure sind ein stabiler Eckpfeiler des anhaltenden Aufschwungs.<\/p>\n<p><a href=\"https:\/\/www.frankensicht.de\/?attachment_id=1513\" rel=\"attachment wp-att-1513\"><img loading=\"lazy\" decoding=\"async\" class=\"alignnone size-medium wp-image-1513\" src=\"https:\/\/www.frankensicht.de\/wp-content\/uploads\/2012\/05\/statistik-300x223.jpg\" alt=\"statistik\" width=\"300\" height=\"223\" srcset=\"https:\/\/www.frankensicht.de\/wp-content\/uploads\/2012\/05\/statistik-300x223.jpg 300w, https:\/\/www.frankensicht.de\/wp-content\/uploads\/2012\/05\/statistik.jpeg 370w\" sizes=\"auto, (max-width: 300px) 100vw, 300px\" \/><\/a><\/p>\n<p>Bayerische Wirtschaft insgesamt klar auf Wachstumskurs<\/p>\n<p>Aigner: Auch insgesamt befindet sich die bayerische Wirtschaft klar auf Wachstumskurs: Auftragseing\u00e4nge, Ums\u00e4tze und Produktion liegen deutlich \u00fcber dem Vorjahresniveau. Die Erwartungen f\u00fcr die kommenden Monate sind laut ifo-Konjunkturtest Bayern optimistisch. Das ist auch ein Ergebnis unserer Wirtschaftspolitik, die den bayerischen Mittelstand bei der Erschlie\u00dfung seiner Potenziale in den Fokus nimmt, zum Beispiel bei den teilweise noch ungenutzten Internationalisierungsm\u00f6glichkeiten. Wir werden deswegen im Rahmen unserer Internationalisierungsstrategie<br \/>\ndie gro\u00dfen internationalen Absatzpotenziale in der digitalen Produktion konsequent erschlie\u00dfen,<br \/>\ndie bayerischen Cluster f\u00fcr die Internationalisierung einsetzen,<br \/>\nden Gr\u00fcndern im Freistaat fr\u00fchzeitig den Zugang zu den Gr\u00fcnder-Hot-Spots der Welt &#8211; Silicon Valley, New York, Austin, Boston oder Tel Aviv &#8211; er\u00f6ffnen,<br \/>\nneue M\u00e4rkte ansteuern im Iran, in Saudi-Arabien, in der T\u00fcrkei und im ASEAN-Raum.<\/p>\n<p>Nie zuvor mehr Menschen im Freistaat sozialversicherungspflichtig besch\u00e4ftigt<\/p>\n<p>Auch der Arbeitsmarkt in Bayern steht laut Aigner sehr gut da: Nie zuvor waren im Freistaat mehr Menschen sozialversicherungspflichtig besch\u00e4ftigt. Nach den aktuellsten Zahlen vom Mai waren es 5,16 Millionen. Dabei sind erfreulicherweise auch die Besch\u00e4ftigungsquoten \u00e4lterer Arbeitnehmer seit Jahren im Aufwind. Nach wie vor schlummert hier bei einer Besch\u00e4ftigungsquote der 60- bis unter 65-J\u00e4hrigen von nur 35 Prozent ein enormer Wissensschatz f\u00fcr den Arbeitsmarkt. Vor allem \u00fcber 65 Jahre hinaus arbeiten nur noch wenige. Deswegen ben\u00f6tigen wir attraktive Rentenregelungen f\u00fcr \u00c4ltere, die auch \u00fcber die Regelaltersgrenze hinaus arbeiten m\u00f6chten. Die vereinbarte Flexi-Rente muss deshalb kommen.<\/p>\n<p>Entsprechend der guten Arbeitsmarktlage befindet sich die Arbeitslosenquote im Sinkflug. Sie lag 2015 Monat f\u00fcr Monat unter den Vorjahreswerten. Aigner: Die aktuelle Arbeitslosenquote liegt bei 3,4 Prozent und ist damit so niedrig wie in keinem anderen Bundesland. Von der guten wirtschaftlichen Situation im Freistaat profitieren die Arbeitnehmerinnen und Arbeitnehmer mit ausgezeichneten Besch\u00e4ftigungsperspektiven. Das zeigen die zahlreichen Stellenausschreibungen der bayerischen Unternehmen. Sie untermauern die konjunkturelle Stabilit\u00e4t der Wirtschaft im Freistaat.<\/p>\n<p>Quelle: stmwi.bayern.de<\/p>\n","protected":false},"excerpt":{"rendered":"<p>M\u00fcnchen: Bayerns Wirtschaftsministerin Ilse Aigner zu neuen Halbjahreszahlen im bayerischen Au\u00dfenhandel Aigner: \u201eBayerns Unternehmen behaupten sich im internationalen Wettbewerb \/ Bayerische Wirtschaft befindet sich klar auf Wachstumskurs \/ Nie zuvor mehr Menschen im Freistaat sozialversicherungspflichtig besch\u00e4ftigt\u201c Bayerns Wirtschaftsministerin Ilse Aigner sieht in den Au\u00dfenhandelszahlen f\u00fcr das erste Halbjahr 2015 einen Beleg f\u00fcr die internationale Wettbewerbsf\u00e4higkeit [&hellip;]<\/p>\n","protected":false},"author":7,"featured_media":1513,"comment_status":"closed","ping_status":"open","sticky":false,"template":"","format":"standard","meta":{"footnotes":""},"categories":[78,71],"tags":[527],"class_list":["post-8901","post","type-post","status-publish","format-standard","has-post-thumbnail","hentry","category-bayern","category-menue","tag-wirtschaft-bayern"],"_links":{"self":[{"href":"https:\/\/www.frankensicht.de\/index.php?rest_route=\/wp\/v2\/posts\/8901","targetHints":{"allow":["GET"]}}],"collection":[{"href":"https:\/\/www.frankensicht.de\/index.php?rest_route=\/wp\/v2\/posts"}],"about":[{"href":"https:\/\/www.frankensicht.de\/index.php?rest_route=\/wp\/v2\/types\/post"}],"author":[{"embeddable":true,"href":"https:\/\/www.frankensicht.de\/index.php?rest_route=\/wp\/v2\/users\/7"}],"replies":[{"embeddable":true,"href":"https:\/\/www.frankensicht.de\/index.php?rest_route=%2Fwp%2Fv2%2Fcomments&post=8901"}],"version-history":[{"count":0,"href":"https:\/\/www.frankensicht.de\/index.php?rest_route=\/wp\/v2\/posts\/8901\/revisions"}],"wp:featuredmedia":[{"embeddable":true,"href":"https:\/\/www.frankensicht.de\/index.php?rest_route=\/wp\/v2\/media\/1513"}],"wp:attachment":[{"href":"https:\/\/www.frankensicht.de\/index.php?rest_route=%2Fwp%2Fv2%2Fmedia&parent=8901"}],"wp:term":[{"taxonomy":"category","embeddable":true,"href":"https:\/\/www.frankensicht.de\/index.php?rest_route=%2Fwp%2Fv2%2Fcategories&post=8901"},{"taxonomy":"post_tag","embeddable":true,"href":"https:\/\/www.frankensicht.de\/index.php?rest_route=%2Fwp%2Fv2%2Ftags&post=8901"}],"curies":[{"name":"wp","href":"https:\/\/api.w.org\/{rel}","templated":true}]}}