{"id":8898,"date":"2015-08-23T08:08:55","date_gmt":"2015-08-23T06:08:55","guid":{"rendered":"http:\/\/www.frankensicht.de\/?p=8898"},"modified":"2015-08-23T08:08:55","modified_gmt":"2015-08-23T06:08:55","slug":"fahrradfahren-ist-keine-rechtsfreie-zone","status":"publish","type":"post","link":"https:\/\/www.frankensicht.de\/?p=8898","title":{"rendered":"Fahrradfahren ist keine rechtsfreie Zone"},"content":{"rendered":"<p><span style=\"color: #ff0000;\">M\u00fcnchen:<\/span><\/p>\n<p>Bayerns Justizminister Bausback: &#8222;Fahrradfahren ist keine rechtsfreie Zone \/ Auf juristische Schlagl\u00f6cher achten und zivil- und strafrechtliche Folgen bedenken!&#8220;<br \/>\nBayerns Justizminister Prof. Dr. Winfried Bausback r\u00e4t Fahrradfahrern zur tats\u00e4chlichen und rechtlichen Vorsicht bei der Teilnahme am Stra\u00dfenverkehr: &#8222;Gerade in der Urlaubs- und Ferienzeit ist Radfahren ein Vergn\u00fcgen f\u00fcr die ganze Familie. Und auch im Alltag ist das Zweirad ein oft und gerne genutztes Fortbewegungsmittel. Technische Neuheiten wie Pedelecs und E-Bikes machen das &#8222;Radeln&#8220; auch f\u00fcr \u00e4ltere Menschen und Familien attraktiv und erh\u00f6hen die Mobilit\u00e4t.&#8220; Viele untersch\u00e4tzten dabei allerdings die rechtlichen Aspekte und Folgen, die auch beim Radfahren zu beachten seien: &#8222;Fahrradfahren ist keine rechtsfreie Zone! Auch hier gilt es m\u00f6gliche juristische Schlagl\u00f6cher fr\u00fchzeitig zu erkennen und ihnen auszuweichen!&#8220;<\/p>\n<p>Bausback: &#8222;Das f\u00e4ngt schon damit an, dass nicht alles, was nach Fahrrad aussieht, tats\u00e4chlich auch rechtlich als Fahrrad einzuordnen ist. Der technische Fortschritt hat zum Beispiel mit Pedelecs und E-Bikes in den verschiedensten technischen Varianten auch den Fahrradmarkt erreicht.&#8220; Je nach Ausstattung k\u00f6nnten jedoch ganz unterschiedliche Regelungen \u00fcber eine eventuelle Zulassungs- und Versicherungspflicht, die Helmpflicht, die Nutzung von Stra\u00dfen und\/oder Radwegen sowie \u00fcber die zivil- und strafrechtliche Haftung gelten. Dies solle bereits bei der Anschaffung bedacht werden: &#8222;Damit Sie keine b\u00f6sen \u00dcberraschungen erleben: Bei Unsicherheiten hinsichtlich der technischen Ausstattung eines Pedelecs oder E-Bikes w\u00fcrde ich den Hersteller oder H\u00e4ndler fragen. Zu den konkreten rechtlichen Folgen konsultieren Sie im Zweifel am besten einen Rechtsanwalt!&#8220;, r\u00e4t der Minister.<\/p>\n<p><a href=\"https:\/\/www.frankensicht.de\/?attachment_id=2604\" rel=\"attachment wp-att-2604\"><img loading=\"lazy\" decoding=\"async\" class=\"alignnone size-medium wp-image-2604\" src=\"https:\/\/www.frankensicht.de\/wp-content\/uploads\/2012\/06\/fahrrad1-300x225.jpg\" alt=\"fahrrad1\" width=\"300\" height=\"225\" srcset=\"https:\/\/www.frankensicht.de\/wp-content\/uploads\/2012\/06\/fahrrad1-300x225.jpg 300w, https:\/\/www.frankensicht.de\/wp-content\/uploads\/2012\/06\/fahrrad1.jpg 640w\" sizes=\"auto, (max-width: 300px) 100vw, 300px\" \/><\/a><\/p>\n<p>Beim Thema Helmpflicht empfiehlt Bayerns Justizminister: &#8222;Auch wenn f\u00fcr Fahrr\u00e4der und Pedelecs, die keine Kraftr\u00e4der sind, in Deutschland keine allgemeine Helmpflicht besteht, lege ich jedem dringend ans Herz, immer einen Helm zu tragen. Fahrradhelme verhindern bei Unf\u00e4llen Kopfverletzungen bzw. mildern diese ab und bewahren daher Kinder und Erwachsene oftmals vor erheblichen Verletzungsfolgen. F\u00fcr die F\u00fchrer von Kraftr\u00e4dern &#8211; also je nach Ausstattung auch E-Bikes &#8211; mit einer bauartbedingten H\u00f6chstgeschwindigkeit von \u00fcber 20 km\/h ist eine Helmpflicht ohnehin gesetzlich vorgeschrieben.&#8220;<\/p>\n<p>Gerade bei Familienausfl\u00fcgen stellt sich h\u00e4ufig die Frage: M\u00fcssen die Kinder auch auf der Stra\u00dfe fahren oder d\u00fcrfen sie den sichereren Gehweg benutzen? &#8222;Hier gelten feste Grenzen: Gehsteige d\u00fcrfen nur von Kindern mit Fahrr\u00e4dern befahren werden. Kinder bis 8 Jahre m\u00fcssen die Gehwege nutzen, Kinder bis zu 10 Jahren d\u00fcrfen sie noch befahren&#8220;, so der Minister.<\/p>\n<p>Verursacht ein Fahrradfahrer schuldhaft einen Unfall, muss auch er f\u00fcr die eingetretenen Sch\u00e4den regelm\u00e4\u00dfig gerade stehen. Bausback: &#8222;Alle Verkehrsteilnehmer haften selbstverst\u00e4ndlich nach den allgemeinen Vorschriften des B\u00fcrgerlichen Gesetzbuchs.&#8220; Dar\u00fcber hinaus k\u00f6nne den F\u00fchrer eines Kraftfahrzeugs eine verschuldensunabh\u00e4ngige Haftung nach besonderen Vorschriften treffen.<\/p>\n<p>Bayerns Justizminister weist auch auf m\u00f6gliche strafrechtliche Konsequenzen beim Fahrradfahren hin: &#8222;Was viele nicht wissen: auch Radfahrer k\u00f6nnen sich strafbar machen. F\u00e4hrt ein Radfahrer in fahrunt\u00fcchtigem Zustand vom Biergarten nach Hause, kann er sich genauso wegen Trunkenheit im Verkehr strafbar machen wie ein Autofahrer&#8220;. Wenn die Stra\u00dfenverkehrsbeh\u00f6rde entsprechend reagiere, drohe gegebenenfalls auch der Verlust des F\u00fchrerscheins.<\/p>\n<p>Bei Fahrradfahrern im klassischen Sinne wird ab einer Blutalkoholkonzentration von 1,6 Promille die Fahruntauglichkeit unwiderleglich vermutet. Dies bedeutet, dass die Fahruntauglichkeit in diesen F\u00e4llen sicher nachgewiesen ist, auch wenn der Fahrer f\u00fcr einen Au\u00dfenstehenden den Eindruck vermitteln sollte, das Fahrrad sicher f\u00fchren zu k\u00f6nnen. &#8222;Aber auch unterhalb dieses Grenzwertes oder bei sonstigem Rauschmittelkonsum gibt es f\u00fcr Fahrradfahrer keinen Freifahrtschein!&#8220;, so der Minister. Trunkenheit im Verkehr k\u00f6nne auch dann vorliegen, wenn die Fahrunt\u00fcchtigkeit beispielsweise an der konkreten Fahrweise erkennbar sei, insbesondere wenn der Fahrer in Schlangenlinien fahre.<\/p>\n<p>Auch andere Straftatbest\u00e4nde wie z.B. das unerlaubte Entfernen vom Unfallort gelten f\u00fcr Radfahrer genauso wie f\u00fcr Autofahrer. Ist also ein Radfahrer an einem Unfall beteiligt, darf er sich nicht vom Unfallort entfernen, bis er den anderen Unfallbeteiligten erm\u00f6glicht hat, seine Personalien, sein Fahrzeug und die Art der Beteiligung festzustellen. Ist keine andere Person vor Ort, trifft auch den Fahrradfahrer die Pflicht, eine angemessene Zeit zu warten und &#8211; wenn niemand kommt &#8211; die Polizei zu rufen, damit diese den Unfall und die Personalien aufnehmen kann.<\/p>\n<p>Quelle: stmj.bayern.de<\/p>\n","protected":false},"excerpt":{"rendered":"<p>M\u00fcnchen: Bayerns Justizminister Bausback: &#8222;Fahrradfahren ist keine rechtsfreie Zone \/ Auf juristische Schlagl\u00f6cher achten und zivil- und strafrechtliche Folgen bedenken!&#8220; Bayerns Justizminister Prof. Dr. Winfried Bausback r\u00e4t Fahrradfahrern zur tats\u00e4chlichen und rechtlichen Vorsicht bei der Teilnahme am Stra\u00dfenverkehr: &#8222;Gerade in der Urlaubs- und Ferienzeit ist Radfahren ein Vergn\u00fcgen f\u00fcr die ganze Familie. Und auch im [&hellip;]<\/p>\n","protected":false},"author":7,"featured_media":2604,"comment_status":"closed","ping_status":"open","sticky":false,"template":"","format":"standard","meta":{"footnotes":""},"categories":[78,71],"tags":[1154],"class_list":["post-8898","post","type-post","status-publish","format-standard","has-post-thumbnail","hentry","category-bayern","category-menue","tag-fahrrad"],"_links":{"self":[{"href":"https:\/\/www.frankensicht.de\/index.php?rest_route=\/wp\/v2\/posts\/8898","targetHints":{"allow":["GET"]}}],"collection":[{"href":"https:\/\/www.frankensicht.de\/index.php?rest_route=\/wp\/v2\/posts"}],"about":[{"href":"https:\/\/www.frankensicht.de\/index.php?rest_route=\/wp\/v2\/types\/post"}],"author":[{"embeddable":true,"href":"https:\/\/www.frankensicht.de\/index.php?rest_route=\/wp\/v2\/users\/7"}],"replies":[{"embeddable":true,"href":"https:\/\/www.frankensicht.de\/index.php?rest_route=%2Fwp%2Fv2%2Fcomments&post=8898"}],"version-history":[{"count":0,"href":"https:\/\/www.frankensicht.de\/index.php?rest_route=\/wp\/v2\/posts\/8898\/revisions"}],"wp:featuredmedia":[{"embeddable":true,"href":"https:\/\/www.frankensicht.de\/index.php?rest_route=\/wp\/v2\/media\/2604"}],"wp:attachment":[{"href":"https:\/\/www.frankensicht.de\/index.php?rest_route=%2Fwp%2Fv2%2Fmedia&parent=8898"}],"wp:term":[{"taxonomy":"category","embeddable":true,"href":"https:\/\/www.frankensicht.de\/index.php?rest_route=%2Fwp%2Fv2%2Fcategories&post=8898"},{"taxonomy":"post_tag","embeddable":true,"href":"https:\/\/www.frankensicht.de\/index.php?rest_route=%2Fwp%2Fv2%2Ftags&post=8898"}],"curies":[{"name":"wp","href":"https:\/\/api.w.org\/{rel}","templated":true}]}}