{"id":8895,"date":"2015-08-21T12:41:31","date_gmt":"2015-08-21T10:41:31","guid":{"rendered":"http:\/\/www.frankensicht.de\/?p=8895"},"modified":"2016-03-07T14:03:30","modified_gmt":"2016-03-07T13:03:30","slug":"sprache-und-papier-als-brueckenpfeiler-in-die-ukraine","status":"publish","type":"post","link":"https:\/\/www.frankensicht.de\/?p=8895","title":{"rendered":"Sprache und Papier als Br\u00fcckenpfeiler in die Ukraine"},"content":{"rendered":"<p><span style=\"color: #ff0000;\">M\u00fcnchen:<\/span><\/p>\n<p>Bayerns Kultusministerium unterst\u00fctzt Dialog von Schriftstellern zwischen beiden L\u00e4ndern &#8211; Sprache und Papier als Br\u00fcckenpfeiler in die Ukraine<br \/>\nUm eine Br\u00fccke zwischen Schriftstellern aus Deutschland und der Ukraine spannen zu helfen, f\u00f6rdert das Bayerische Kultusministerium das Projekt &#8222;Eine Br\u00fccke aus Papier&#8220; der gemeinn\u00fctzigen Gesellschaft Kulturallmende M\u00fcnchen.<br \/>\nDessen Auftaktveranstaltung findet vom 27. bis 29. August in der Ukraine in Lwiw\/Lemberg statt. Sechs ukrainische und sechs deutsche Schriftsteller sowie ein ukrainischer und deutscher Historiker kommen dort zusammen, um die Kultur des jeweils anderen Landes vornehmlich \u00fcber die Literatur zu entdecken. Lesungen und Vortr\u00e4ge sollen so eine Br\u00fccke zwischen Deutschland und der Ukraine schlagen. Der angebahnte Dialog soll in den folgenden Jahren sowohl in anderen St\u00e4dten der Ukraine als auch in Deutschland fortgesetzt werden.<\/p>\n<p>&#8222;Dieses Projekt setzt einen wertvollen Impuls f\u00fcr die Verst\u00e4ndigung zwischen der Ukraine und Deutschland. Literatur ist ein bedeutsames Kulturgut, sie gibt Orientierung und stiftet Identifikation. Sowohl f\u00fcr die einheimische als auch f\u00fcr die ausl\u00e4ndische Leserschaft stellt sie einen unermesslichen Schatz dar. Gerade Schriftsteller verstehen es, mit ihrer Sprache und ihren Gedanken Br\u00fccken zu spannen zwischen entfernten L\u00e4ndern&#8220;, w\u00fcrdigte Kultusminister Dr. Ludwig Spaenle das Projekt. &#8222;In der heutigen, globalisierten Welt ist es unabdingbar, die Kultur anderer L\u00e4nder kennen- und verstehen zu lernen. Literatur ist hierbei ein wesentlicher Schl\u00fcssel. Daher ist es dem Bayerischen Kultusministerium ein Anliegen, das Projekt &amp;sbquo;Eine Br\u00fccke aus Papier&#8216; zu f\u00f6rdern&#8220;, sagte Kultusminister Spaenle.<br \/>\nDas Bayerische Staatsministerium f\u00fcr Bildung und Kultus, Wissenschaft und Kunst unterst\u00fctzt das deutsch-ukrainische Literaturprojekt mit rund 10.000 Euro. Weitere F\u00f6rderer sind die Landeshauptstadt M\u00fcnchen sowie das Ausw\u00e4rtige Amt der Bundesrepublik Deutschland.<\/p>\n<p><a href=\"https:\/\/www.frankensicht.de\/?attachment_id=3802\" rel=\"attachment wp-att-3802\"><img loading=\"lazy\" decoding=\"async\" class=\"alignnone size-medium wp-image-3802\" src=\"https:\/\/www.frankensicht.de\/wp-content\/uploads\/2012\/08\/buch2-300x225.jpg\" alt=\"buch2\" width=\"300\" height=\"225\" srcset=\"https:\/\/www.frankensicht.de\/wp-content\/uploads\/2012\/08\/buch2-300x225.jpg 300w, https:\/\/www.frankensicht.de\/wp-content\/uploads\/2012\/08\/buch2.jpg 640w\" sizes=\"auto, (max-width: 300px) 100vw, 300px\" \/><\/a><\/p>\n<p>Neben literarischen Festivals und Veranstaltungen f\u00f6rdert das Kultusministerium u.a. das Schaffen von Schriftstellerinnen und Schriftstellern mit Literaturstipendien. Ebenso werden literarische \u00dcbersetzerinnen und \u00dcbersetzer im Rahmen der Literaturf\u00f6rderung Bayerns unterst\u00fctzt.<\/p>\n<p>Weitere Informationen zur Literaturf\u00f6rderung durch das Bayerische Staatsministerium f\u00fcr Bildung und Kultus, Wissenschaft und Kunst unter:<br \/>\nhttp:\/\/www.km.bayern.de\/kunst-und-kultur\/foerderung\/literaturfoerderung.html<\/p>\n<p>Quelle:stmbw.bayern.de<\/p>\n<p>&nbsp;<\/p>\n","protected":false},"excerpt":{"rendered":"<p>M\u00fcnchen: Bayerns Kultusministerium unterst\u00fctzt Dialog von Schriftstellern zwischen beiden L\u00e4ndern &#8211; Sprache und Papier als Br\u00fcckenpfeiler in die Ukraine Um eine Br\u00fccke zwischen Schriftstellern aus Deutschland und der Ukraine spannen zu helfen, f\u00f6rdert das Bayerische Kultusministerium das Projekt &#8222;Eine Br\u00fccke aus Papier&#8220; der gemeinn\u00fctzigen Gesellschaft Kulturallmende M\u00fcnchen. Dessen Auftaktveranstaltung findet vom 27. bis 29. August [&hellip;]<\/p>\n","protected":false},"author":7,"featured_media":3802,"comment_status":"closed","ping_status":"open","sticky":false,"template":"","format":"standard","meta":{"footnotes":""},"categories":[78,71],"tags":[1846],"class_list":["post-8895","post","type-post","status-publish","format-standard","has-post-thumbnail","hentry","category-bayern","category-menue","tag-literatur"],"_links":{"self":[{"href":"https:\/\/www.frankensicht.de\/index.php?rest_route=\/wp\/v2\/posts\/8895","targetHints":{"allow":["GET"]}}],"collection":[{"href":"https:\/\/www.frankensicht.de\/index.php?rest_route=\/wp\/v2\/posts"}],"about":[{"href":"https:\/\/www.frankensicht.de\/index.php?rest_route=\/wp\/v2\/types\/post"}],"author":[{"embeddable":true,"href":"https:\/\/www.frankensicht.de\/index.php?rest_route=\/wp\/v2\/users\/7"}],"replies":[{"embeddable":true,"href":"https:\/\/www.frankensicht.de\/index.php?rest_route=%2Fwp%2Fv2%2Fcomments&post=8895"}],"version-history":[{"count":1,"href":"https:\/\/www.frankensicht.de\/index.php?rest_route=\/wp\/v2\/posts\/8895\/revisions"}],"predecessor-version":[{"id":9309,"href":"https:\/\/www.frankensicht.de\/index.php?rest_route=\/wp\/v2\/posts\/8895\/revisions\/9309"}],"wp:featuredmedia":[{"embeddable":true,"href":"https:\/\/www.frankensicht.de\/index.php?rest_route=\/wp\/v2\/media\/3802"}],"wp:attachment":[{"href":"https:\/\/www.frankensicht.de\/index.php?rest_route=%2Fwp%2Fv2%2Fmedia&parent=8895"}],"wp:term":[{"taxonomy":"category","embeddable":true,"href":"https:\/\/www.frankensicht.de\/index.php?rest_route=%2Fwp%2Fv2%2Fcategories&post=8895"},{"taxonomy":"post_tag","embeddable":true,"href":"https:\/\/www.frankensicht.de\/index.php?rest_route=%2Fwp%2Fv2%2Ftags&post=8895"}],"curies":[{"name":"wp","href":"https:\/\/api.w.org\/{rel}","templated":true}]}}