{"id":8883,"date":"2015-08-18T08:42:31","date_gmt":"2015-08-18T06:42:31","guid":{"rendered":"http:\/\/www.frankensicht.de\/?p=8883"},"modified":"2015-08-18T08:42:31","modified_gmt":"2015-08-18T06:42:31","slug":"huml-startet-projekt-fuer-sozialpaedagogische-begleitung-in-der-altenpflegeausbildung","status":"publish","type":"post","link":"https:\/\/www.frankensicht.de\/?p=8883","title":{"rendered":"Huml startet Projekt f\u00fcr sozialp\u00e4dagogische Begleitung in der Altenpflegeausbildung"},"content":{"rendered":"<p><span style=\"color: #ff0000;\">M\u00fcnchen:<\/span><\/p>\n<p>Huml startet Projekt f\u00fcr sozialp\u00e4dagogische Begleitung in der Altenpflegeausbildung &#8211; Bayerns Gesundheits- und Pflegeministerin: Neues Programm soll f\u00fcr niedrigere Abbrecherquote sorgen<\/p>\n<p>Bayerns Gesundheits- und Pflegeministerin Melanie Huml startet zum Beginn des neuen Schuljahres im September ein Projekt zur sozialp\u00e4dagogischen Begleitung von Auszubildenden in der Altenpflege. Huml betonte am Dienstag: &#8222;Wir wollen die Auszubildenden in der Altenpflege nicht nur inhaltlich, sondern auch psychisch auf die Herausforderungen in ihrem sp\u00e4teren Beruf vorbereiten. Eine sozialp\u00e4dagogische Begleitung kann die Betroffenen gerade in belastenden Situationen unterst\u00fctzen. Ziel des neuen Projekts ist es, die Altenpflegeausbildung attraktiver zu gestalten und die Abbrecherquote zu verringern.&#8220;<\/p>\n<p><a href=\"https:\/\/www.frankensicht.de\/?attachment_id=4951\" rel=\"attachment wp-att-4951\"><img loading=\"lazy\" decoding=\"async\" class=\"alignnone size-medium wp-image-4951\" src=\"https:\/\/www.frankensicht.de\/wp-content\/uploads\/2013\/01\/krankenhaus-300x187.jpg\" alt=\"krankenhaus\" width=\"300\" height=\"187\" srcset=\"https:\/\/www.frankensicht.de\/wp-content\/uploads\/2013\/01\/krankenhaus-300x187.jpg 300w, https:\/\/www.frankensicht.de\/wp-content\/uploads\/2013\/01\/krankenhaus.jpg 640w\" sizes=\"auto, (max-width: 300px) 100vw, 300px\" \/><\/a><\/p>\n<p>Laut einem Gutachten brechen in Bayern rund zehn Prozent der Altenpflegesch\u00fcler die Ausbildung vorzeitig ab. Huml unterstrich: &#8222;Es ist wichtig, die Rahmenbedingungen in der Ausbildung weiter zu verbessern. Denn: Wir k\u00f6nnen es uns nicht leisten, motivierte junge Menschen f\u00fcr den Altenpflegeberuf zu verlieren. Ich setze darauf, dass mit dem neuen Projekt viele Ausbildungsabbr\u00fcche vermieden werden k\u00f6nnen.&#8220;<\/p>\n<p>Die Ministerin f\u00fcgte hinzu: &#8222;Mit dem Projekt wollen wir die Auszubildenden in ihrer Berufswahl st\u00e4rken. Pflege ist ein Dienst von Menschen an Menschen. Hier brauchen wir motivierte Kr\u00e4fte. Denn gerade in einer \u00e4lter werdenden Gesellschaft gewinnt die Unterst\u00fctzung von pflegebed\u00fcrftigen Menschen immer mehr an Bedeutung.&#8220;<\/p>\n<p>Der Europ\u00e4ische Sozialfonds (ESF) unterst\u00fctzt das Projekt und \u00fcbernimmt 50 Prozent der Kosten. Das Bayerische Gesundheits- und Pflegeministerium f\u00f6rdert das Projekt mit insgesamt 200.000 Euro. An dem Projekt nehmen neun bayerische Berufsfachschulen f\u00fcr Altenpflege teil. Das Programm beinhaltet auch Beratungsgespr\u00e4che, Sprachkurse und Nachhife.<\/p>\n<p>Quelle: stmgp.bund.de<\/p>\n","protected":false},"excerpt":{"rendered":"<p>M\u00fcnchen: Huml startet Projekt f\u00fcr sozialp\u00e4dagogische Begleitung in der Altenpflegeausbildung &#8211; Bayerns Gesundheits- und Pflegeministerin: Neues Programm soll f\u00fcr niedrigere Abbrecherquote sorgen Bayerns Gesundheits- und Pflegeministerin Melanie Huml startet zum Beginn des neuen Schuljahres im September ein Projekt zur sozialp\u00e4dagogischen Begleitung von Auszubildenden in der Altenpflege. Huml betonte am Dienstag: &#8222;Wir wollen die Auszubildenden in [&hellip;]<\/p>\n","protected":false},"author":7,"featured_media":4951,"comment_status":"open","ping_status":"closed","sticky":false,"template":"","format":"standard","meta":{"footnotes":""},"categories":[78,71],"tags":[1840],"class_list":["post-8883","post","type-post","status-publish","format-standard","has-post-thumbnail","hentry","category-bayern","category-menue","tag-sozialpaedagogische-begleitung"],"_links":{"self":[{"href":"https:\/\/www.frankensicht.de\/index.php?rest_route=\/wp\/v2\/posts\/8883","targetHints":{"allow":["GET"]}}],"collection":[{"href":"https:\/\/www.frankensicht.de\/index.php?rest_route=\/wp\/v2\/posts"}],"about":[{"href":"https:\/\/www.frankensicht.de\/index.php?rest_route=\/wp\/v2\/types\/post"}],"author":[{"embeddable":true,"href":"https:\/\/www.frankensicht.de\/index.php?rest_route=\/wp\/v2\/users\/7"}],"replies":[{"embeddable":true,"href":"https:\/\/www.frankensicht.de\/index.php?rest_route=%2Fwp%2Fv2%2Fcomments&post=8883"}],"version-history":[{"count":0,"href":"https:\/\/www.frankensicht.de\/index.php?rest_route=\/wp\/v2\/posts\/8883\/revisions"}],"wp:featuredmedia":[{"embeddable":true,"href":"https:\/\/www.frankensicht.de\/index.php?rest_route=\/wp\/v2\/media\/4951"}],"wp:attachment":[{"href":"https:\/\/www.frankensicht.de\/index.php?rest_route=%2Fwp%2Fv2%2Fmedia&parent=8883"}],"wp:term":[{"taxonomy":"category","embeddable":true,"href":"https:\/\/www.frankensicht.de\/index.php?rest_route=%2Fwp%2Fv2%2Fcategories&post=8883"},{"taxonomy":"post_tag","embeddable":true,"href":"https:\/\/www.frankensicht.de\/index.php?rest_route=%2Fwp%2Fv2%2Ftags&post=8883"}],"curies":[{"name":"wp","href":"https:\/\/api.w.org\/{rel}","templated":true}]}}