{"id":8872,"date":"2015-08-15T08:03:50","date_gmt":"2015-08-15T06:03:50","guid":{"rendered":"http:\/\/www.frankensicht.de\/?p=8872"},"modified":"2015-08-15T08:03:50","modified_gmt":"2015-08-15T06:03:50","slug":"fuenf-absolventinnen-der-ingenieurwissenschaften-aus-muenchen-augsburg-amberg-landshut-und-wuerzburg-erhalten-auszeichnung","status":"publish","type":"post","link":"https:\/\/www.frankensicht.de\/?p=8872","title":{"rendered":"F\u00fcnf Absolventinnen der Ingenieurwissenschaften aus M\u00fcnchen, Augsburg, Amberg, Landshut und W\u00fcrzburg erhalten Auszeichnung"},"content":{"rendered":"<p><span style=\"color: #ff0000;\">M\u00fcnchen:<\/span><\/p>\n<p>F\u00fcnf Absolventinnen der Ingenieurwissenschaften aus M\u00fcnchen, Augsburg, Amberg, Landshut und W\u00fcrzburg erhalten Auszeichnung &#8211; Minister Spaenle: &#8222;L\u00e4ngst keine M\u00e4nnerdom\u00e4ne mehr&#8220;<br \/>\nWissenschaftsminister Spaenle und Staatssekret\u00e4r Sibler w\u00fcrdigen hervorragende Abschluss- und Promotionsarbeiten &#8211; Absolventinnen der Hochschulen in M\u00fcnchen, Augsburg, Amberg, Landshut und W\u00fcrzburg &#8211; Preistr\u00e4gerinnen erhalten je 2.000 Euro<\/p>\n<p><a href=\"https:\/\/www.frankensicht.de\/?attachment_id=3372\" rel=\"attachment wp-att-3372\"><img loading=\"lazy\" decoding=\"async\" class=\"alignnone size-medium wp-image-3372\" src=\"https:\/\/www.frankensicht.de\/wp-content\/uploads\/2012\/07\/foerderung-300x187.jpg\" alt=\"foerderung\" width=\"300\" height=\"187\" srcset=\"https:\/\/www.frankensicht.de\/wp-content\/uploads\/2012\/07\/foerderung-300x187.jpg 300w, https:\/\/www.frankensicht.de\/wp-content\/uploads\/2012\/07\/foerderung.jpg 640w\" sizes=\"auto, (max-width: 300px) 100vw, 300px\" \/><\/a><\/p>\n<p>Wissenschaftsminister Dr. Ludwig Spaenle gab heute gemeinsam mit Staatssekret\u00e4r Bernd Sibler in M\u00fcnchen die f\u00fcnf Studentinnen der Ingenieurwissenschaften bekannt, die heuer f\u00fcr ihre hervorragenden Abschluss- bzw. Promotionsarbeiten an bayerischen Hochschulen ausgezeichnet werden. Die mit 2.000 Euro dotierten Preise werden j\u00e4hrlich auf Vorschlag der Hochschulen vergeben.<br \/>\nMinister Spaenle und Staatssekret\u00e4r Bernd Sibler gratulierten den Akademikerinnen zu ihren Leistungen. &#8222;Sie haben gezeigt, dass MINT-F\u00e4cher l\u00e4ngst keine M\u00e4nnerdom\u00e4ne mehr sind. Ihre Erfolge k\u00f6nnen M\u00e4dchen und junge Frauen dazu inspirieren, sich mit naturwissenschaftlichen Fragestellungen vertieft auseinanderzusetzen und ein entsprechendes Studium aufzunehmen&#8220;, so der Minister. Knapp ein Drittel aller MINT-Studierenden in Bayern sind Frauen. Dies sei jedoch noch zu wenig, betonten Spaenle und Sibler: &#8222;Wir m\u00fcssen weiter daran arbeiten, junge Frauen f\u00fcr ein Studium der technischen F\u00e4cher zu begeistern. Denn der Forschungs- und\u00a0 Wissenschaftsstandort Bayern ist auf sehr gut ausgebildete Ingenieurinnen und Ingenieure angewiesen.&#8220;<\/p>\n<p>Vielf\u00e4ltige Ma\u00dfnahmen, um Frauen f\u00fcr MINT-Berufe zu gewinnen<\/p>\n<p>Um den Frauenanteil in MINT-F\u00e4chern weiter zu steigern, ist Bayern 2012 dem Nationalen Pakt f\u00fcr Frauen in MINT-Berufen beigetreten. Gemeinsam mit Partnereinrichtungen unterst\u00fctzt der Freistaat dabei vielf\u00e4ltige Initiativen. Beispielhaft ist auch das Projekt &#8222;Best MINT&#8220;: Hier werden neben einer eigens eingerichteten Beratungs- und Koordinierungsstelle am Ministerium gezielt Ma\u00dfnahmen an Hochschulen gef\u00f6rdert, die dem Studienabbruch speziell in diesen Studieng\u00e4ngen entgegen wirken. Angebote wie der Girls&#8216; Day, an dem j\u00e4hrlich \u00fcber 20.000 M\u00e4dchen und junge Frauen in Bayern teilnehmen, sorgen zudem f\u00fcr praxisnahe Einblicke in technische Berufsfelder, die f\u00fcr Frauen traditionell untypisch sind.<\/p>\n<p>Wissenschaftsstaatssekret\u00e4r Bernd Sibler ehrt die Preistr\u00e4gerinnen im Rahmen einer feierlichen Urkunden\u00fcbergabe am 15. September 2015 um 16.30 Uhr im Bayerischen Staatsministerium f\u00fcr Bildung und Kultus, Wissenschaft und Kunst.<\/p>\n<p>Die Preistr\u00e4gerinnen sind:<\/p>\n<p>&#8211; Alexandra Apfelbeck (M. Sc.):\u00a0 Bachelorstudium der Wirtschaftsinformatik und Masterstudium der Informatik mit dem Schwerpunkt Wirtschaftsinformatik an der Hochschule f\u00fcr angewandte Wissenschaften Landshut, Masterarbeit:\u00a0 &#8222;Konzeption eines Instrumentariums zur szenariobasierten Integration aktueller Vorstands- und Projektentscheidungen in die langfristige Bedarfs- und Kapazit\u00e4tsplanung am Beispiel eines Zentralressorts in der Automobilindustrie&#8220;.<\/p>\n<p>&#8211; Kathrin Borchert (M. Sc.): Bachelorstudium der Informatik und Masterstudium der Informatik mit dem Schwerpunkt Internet-Technologie an der Julius-Maximilians-Universit\u00e4t W\u00fcrzburg, Masterarbeit: &#8222;Recommendation Systems in Crowdsourcing Platforms&amp;rdquo;.<\/p>\n<p>&#8211; Franziska Eckert (M. Eng.): Bachelorstudium der Chemie an der Universit\u00e4t Bayreuth und Masterstudium der Umwelttechnologie an der Ostbayerischen Technischen Hochschule Amberg-Weiden, Masterarbeit: &#8222;Neuartige Elektrodenmaterialien und Elektrolyte f\u00fcr Energiespeicher&#8220;.<\/p>\n<p>&#8211; Sabrina Mayer (B. Eng.): Bachelorstudium der Elektrotechnik an der Hochschule f\u00fcr angewandte Wissenschaften Augsburg, Bachelorarbeit: &#8222;Erarbeitung einer einfach integrierbaren Funkl\u00f6sung f\u00fcr die selbst\u00e4ndige vermaschte Kommunikation zwischen Short Range Devices&#8220;.<\/p>\n<p>&#8211; Dr.-Ing. Karinne Ram\u00edrez Amaro: Bachelorstudium am Technological Institute of Merida, Mexico, Masterstudium am Center for Computing Research of the National Polytechnic Institute, Mexico City, Mexico und Doktor der Ingenieurwissenschaften an der Technischen Universit\u00e4t M\u00fcnchen, Dissertation: &#8222;Inferring Human Activities from Observation via Semantic Reasoning: A novel method for transferring skills to robots&#8220;<\/p>\n<p>&nbsp;<\/p>\n<p>Quelle:stmbw.bayern.de<\/p>\n","protected":false},"excerpt":{"rendered":"<p>M\u00fcnchen: F\u00fcnf Absolventinnen der Ingenieurwissenschaften aus M\u00fcnchen, Augsburg, Amberg, Landshut und W\u00fcrzburg erhalten Auszeichnung &#8211; Minister Spaenle: &#8222;L\u00e4ngst keine M\u00e4nnerdom\u00e4ne mehr&#8220; Wissenschaftsminister Spaenle und Staatssekret\u00e4r Sibler w\u00fcrdigen hervorragende Abschluss- und Promotionsarbeiten &#8211; Absolventinnen der Hochschulen in M\u00fcnchen, Augsburg, Amberg, Landshut und W\u00fcrzburg &#8211; Preistr\u00e4gerinnen erhalten je 2.000 Euro Wissenschaftsminister Dr. Ludwig Spaenle gab heute gemeinsam [&hellip;]<\/p>\n","protected":false},"author":7,"featured_media":3372,"comment_status":"closed","ping_status":"open","sticky":false,"template":"","format":"standard","meta":{"footnotes":""},"categories":[78,71],"tags":[1839],"class_list":["post-8872","post","type-post","status-publish","format-standard","has-post-thumbnail","hentry","category-bayern","category-menue","tag-ingeneuswissenschaften"],"_links":{"self":[{"href":"https:\/\/www.frankensicht.de\/index.php?rest_route=\/wp\/v2\/posts\/8872","targetHints":{"allow":["GET"]}}],"collection":[{"href":"https:\/\/www.frankensicht.de\/index.php?rest_route=\/wp\/v2\/posts"}],"about":[{"href":"https:\/\/www.frankensicht.de\/index.php?rest_route=\/wp\/v2\/types\/post"}],"author":[{"embeddable":true,"href":"https:\/\/www.frankensicht.de\/index.php?rest_route=\/wp\/v2\/users\/7"}],"replies":[{"embeddable":true,"href":"https:\/\/www.frankensicht.de\/index.php?rest_route=%2Fwp%2Fv2%2Fcomments&post=8872"}],"version-history":[{"count":0,"href":"https:\/\/www.frankensicht.de\/index.php?rest_route=\/wp\/v2\/posts\/8872\/revisions"}],"wp:featuredmedia":[{"embeddable":true,"href":"https:\/\/www.frankensicht.de\/index.php?rest_route=\/wp\/v2\/media\/3372"}],"wp:attachment":[{"href":"https:\/\/www.frankensicht.de\/index.php?rest_route=%2Fwp%2Fv2%2Fmedia&parent=8872"}],"wp:term":[{"taxonomy":"category","embeddable":true,"href":"https:\/\/www.frankensicht.de\/index.php?rest_route=%2Fwp%2Fv2%2Fcategories&post=8872"},{"taxonomy":"post_tag","embeddable":true,"href":"https:\/\/www.frankensicht.de\/index.php?rest_route=%2Fwp%2Fv2%2Ftags&post=8872"}],"curies":[{"name":"wp","href":"https:\/\/api.w.org\/{rel}","templated":true}]}}