{"id":8863,"date":"2015-08-14T08:33:41","date_gmt":"2015-08-14T06:33:41","guid":{"rendered":"http:\/\/www.frankensicht.de\/?p=8863"},"modified":"2015-08-14T08:33:41","modified_gmt":"2015-08-14T06:33:41","slug":"300-000-euro-finanzspritze-fuer-sanierung-des-kinsauer-pfarrhofs","status":"publish","type":"post","link":"https:\/\/www.frankensicht.de\/?p=8863","title":{"rendered":"300.000 Euro Finanzspritze f\u00fcr Sanierung des Kinsauer Pfarrhofs"},"content":{"rendered":"<p><span style=\"color: #ff0000;\">M\u00fcnchen- Kinsau:<\/span><\/p>\n<p>Kunstminister Dr. Spaenle bewilligt Mittel aus Entsch\u00e4digungsfonds f\u00fcr Instandsetzung des Pfarrhofs im oberbayerischen Kinsau &#8211; 300.000 Euro Finanzspritze f\u00fcr Sanierung des Kinsauer Pfarrhofs<br \/>\n&#8222;F\u00fcr die Instandsetzung des Pfarrhofs von Kinsau k\u00f6nnen wir aus dem Entsch\u00e4digungsfonds f\u00fcr die Denkmalpflege 300.000 Euro bereitstellen&#8220;, gab der bayerische Kunstminister Dr. Ludwig Spaenle heute in M\u00fcnchen bekannt. &#8222;Ich freue mich sehr, dass wir auf diese Weise einen Beitrag zu Erhalt und neuem Glanz dieses Bauwerks der Wessobrunner Schule leisten k\u00f6nnen&#8220;, so der Minister weiter.<\/p>\n<p><a href=\"https:\/\/www.frankensicht.de\/?attachment_id=7610\" rel=\"attachment wp-att-7610\"><img loading=\"lazy\" decoding=\"async\" class=\"alignnone size-medium wp-image-7610\" src=\"https:\/\/www.frankensicht.de\/wp-content\/uploads\/2014\/09\/bayern-300x180.png\" alt=\"bayern\" width=\"300\" height=\"180\" srcset=\"https:\/\/www.frankensicht.de\/wp-content\/uploads\/2014\/09\/bayern-300x180.png 300w, https:\/\/www.frankensicht.de\/wp-content\/uploads\/2014\/09\/bayern.png 1000w\" sizes=\"auto, (max-width: 300px) 100vw, 300px\" \/><\/a><\/p>\n<p>Der katholische Pfarrhof von Kinsau wurde 1735 nach Pl\u00e4nen des Wessobrunner Baumeisters und Stuckateurs Joseph Schmuzer errichtet. Etwas erh\u00f6ht, an zentraler Stelle \u00fcber dem Ort Kinsau gelegen, bildet der Pfarrhof mit der benachbarten Pfarrkirche ein eindrucksvolles Beispiel f\u00fcr den architektonischen Anspruch im Pfaffenwinkel der Barockzeit. Das Geb\u00e4ude verf\u00fcgt \u00fcber eine besonders reiche Ausstattung aus der Erbauungszeit, wie zum Beispiel Stuckdecken, Fassaden- und Wandfassungen, Dielenb\u00f6den und Kachel\u00f6fen.<\/p>\n<p>Die geplante Ma\u00dfnahme dient dazu, eine Substanzgef\u00e4hrdung des Baudenkmals zu beseitigen. Am Pfarrhof zeigen sich beispielsweise in Folge von Durchfeuchtung Sch\u00e4den an Mauer- und Dachwerk, Putzabplatzungen und statisch relevante Rissbildungen an der \u00f6stlichen Traufseite. Im Rahmen der Sanierung soll eine Gesamtinstandsetzung des Geb\u00e4udes erfolgen.<\/p>\n<p>Der Entsch\u00e4digungsfonds wird vom Bayerischen Staatsministerium f\u00fcr Bildung und Kultus, Wissenschaft und Kunst verwaltet und vom Freistaat und den Kommunen getragen. Das Bayerische Landesamt f\u00fcr Denkmalpflege wird die Instandsetzung des Pfarrhofs in Kinsau denkmalfachlich begleiten. Eigent\u00fcmerin des Baudenkmals ist die Gemeinde Kinsau.<\/p>\n<p>Quelle: stmbw.bayern.de<\/p>\n","protected":false},"excerpt":{"rendered":"<p>M\u00fcnchen- Kinsau: Kunstminister Dr. Spaenle bewilligt Mittel aus Entsch\u00e4digungsfonds f\u00fcr Instandsetzung des Pfarrhofs im oberbayerischen Kinsau &#8211; 300.000 Euro Finanzspritze f\u00fcr Sanierung des Kinsauer Pfarrhofs &#8222;F\u00fcr die Instandsetzung des Pfarrhofs von Kinsau k\u00f6nnen wir aus dem Entsch\u00e4digungsfonds f\u00fcr die Denkmalpflege 300.000 Euro bereitstellen&#8220;, gab der bayerische Kunstminister Dr. Ludwig Spaenle heute in M\u00fcnchen bekannt. &#8222;Ich [&hellip;]<\/p>\n","protected":false},"author":7,"featured_media":7610,"comment_status":"closed","ping_status":"open","sticky":false,"template":"","format":"standard","meta":{"footnotes":""},"categories":[78,71],"tags":[1838],"class_list":["post-8863","post","type-post","status-publish","format-standard","has-post-thumbnail","hentry","category-bayern","category-menue","tag-kinsauer-pfarrhof"],"_links":{"self":[{"href":"https:\/\/www.frankensicht.de\/index.php?rest_route=\/wp\/v2\/posts\/8863","targetHints":{"allow":["GET"]}}],"collection":[{"href":"https:\/\/www.frankensicht.de\/index.php?rest_route=\/wp\/v2\/posts"}],"about":[{"href":"https:\/\/www.frankensicht.de\/index.php?rest_route=\/wp\/v2\/types\/post"}],"author":[{"embeddable":true,"href":"https:\/\/www.frankensicht.de\/index.php?rest_route=\/wp\/v2\/users\/7"}],"replies":[{"embeddable":true,"href":"https:\/\/www.frankensicht.de\/index.php?rest_route=%2Fwp%2Fv2%2Fcomments&post=8863"}],"version-history":[{"count":0,"href":"https:\/\/www.frankensicht.de\/index.php?rest_route=\/wp\/v2\/posts\/8863\/revisions"}],"wp:featuredmedia":[{"embeddable":true,"href":"https:\/\/www.frankensicht.de\/index.php?rest_route=\/wp\/v2\/media\/7610"}],"wp:attachment":[{"href":"https:\/\/www.frankensicht.de\/index.php?rest_route=%2Fwp%2Fv2%2Fmedia&parent=8863"}],"wp:term":[{"taxonomy":"category","embeddable":true,"href":"https:\/\/www.frankensicht.de\/index.php?rest_route=%2Fwp%2Fv2%2Fcategories&post=8863"},{"taxonomy":"post_tag","embeddable":true,"href":"https:\/\/www.frankensicht.de\/index.php?rest_route=%2Fwp%2Fv2%2Ftags&post=8863"}],"curies":[{"name":"wp","href":"https:\/\/api.w.org\/{rel}","templated":true}]}}