{"id":8857,"date":"2015-08-12T08:28:39","date_gmt":"2015-08-12T06:28:39","guid":{"rendered":"http:\/\/www.frankensicht.de\/?p=8857"},"modified":"2015-08-12T08:28:39","modified_gmt":"2015-08-12T06:28:39","slug":"die-aids-gefahr-darf-nicht-unterschaetzt-werden","status":"publish","type":"post","link":"https:\/\/www.frankensicht.de\/?p=8857","title":{"rendered":"Die AIDS-Gefahr darf nicht untersch\u00e4tzt werden"},"content":{"rendered":"<p><span style=\"color: #ff0000;\">M\u00fcnchen:<\/span><\/p>\n<p>Huml startet Fotowettbewerb zur HIV-Pr\u00e4ventionskampagne &#8211; Bayerns Gesundheitsministerin: Die AIDS-Gefahr darf nicht untersch\u00e4tzt werden<\/p>\n<p>Bayerns Gesundheitsministerin Melanie Huml hat einen Fotowettbewerb zur HIV-Pr\u00e4ventionskampagne &#8222;Mit Sicherheit besser&#8220; gestartet. Huml betonte am Mittwoch: &#8222;Die AIDS-Gefahr darf nicht untersch\u00e4tzt werden. Diese Immunschw\u00e4chekrankheit ist trotz neuer Therapiem\u00f6glichkeiten immer noch nicht heilbar. Wichtig ist deshalb ein konsequenter Schutz vor einer Infektion mit dem HI-Virus.&#8220;<\/p>\n<p><a href=\"https:\/\/www.frankensicht.de\/?attachment_id=8073\" rel=\"attachment wp-att-8073\"><img loading=\"lazy\" decoding=\"async\" class=\"alignnone size-medium wp-image-8073\" src=\"https:\/\/www.frankensicht.de\/wp-content\/uploads\/2015\/01\/P1000912-300x225.jpg\" alt=\"P1000912\" width=\"300\" height=\"225\" srcset=\"https:\/\/www.frankensicht.de\/wp-content\/uploads\/2015\/01\/P1000912-300x225.jpg 300w, https:\/\/www.frankensicht.de\/wp-content\/uploads\/2015\/01\/P1000912.jpg 640w\" sizes=\"auto, (max-width: 300px) 100vw, 300px\" \/><\/a><\/p>\n<p>Der Fotowettbewerb soll noch mehr Aufmerksamkeit f\u00fcr die bayerische Pr\u00e4ventionskampagne hervorrufen. Die Ministerin unterstrich: &#8222;Offensichtlich wird die HIV-Ansteckungsgefahr nicht ausreichend als Bedrohung wahrgenommen. In Bayern gibt es jedes Jahr etwa 400 neue Infektionen.&#8220;<\/p>\n<p>Die Kampagne &#8222;Mit Sicherheit besser&#8220; soll auch die Bereitschaft zu einem HIV-Test erh\u00f6hen. Au\u00dferdem setzt sie sich gegen eine Stigmatisierung und f\u00fcr mehr Solidarit\u00e4t mit Betroffenen ein. An dem Wettbewerb k\u00f6nnen bis zum 15. Oktober 2015 Personen ab 18 Jahren teilnehmen, die einen Wohnsitz im Freistaat haben. Huml erl\u00e4uterte: &#8222;Erw\u00fcnscht sind Motive, die eine pers\u00f6nliche Geschichte erz\u00e4hlen.&#8220;<\/p>\n<p>Die Fotos sollen rund um das Thema AIDS Begegnungen zeigen und Gef\u00fchle zum Ausdruck bringen. Sie werden auf der Internetseite www.mitsicherheitbesser.de ver\u00f6ffentlicht. Au\u00dferdem wird aus den Motiven ein Siegerfoto gew\u00e4hlt. Der Gewinner wird anl\u00e4sslich des Welt-Aids-Tages 2015 von der Bayerischen Gesundheitsministerin ausgezeichnet.<\/p>\n<p>Quelle:stmgp.bayern.de<\/p>\n","protected":false},"excerpt":{"rendered":"<p>M\u00fcnchen: Huml startet Fotowettbewerb zur HIV-Pr\u00e4ventionskampagne &#8211; Bayerns Gesundheitsministerin: Die AIDS-Gefahr darf nicht untersch\u00e4tzt werden Bayerns Gesundheitsministerin Melanie Huml hat einen Fotowettbewerb zur HIV-Pr\u00e4ventionskampagne &#8222;Mit Sicherheit besser&#8220; gestartet. Huml betonte am Mittwoch: &#8222;Die AIDS-Gefahr darf nicht untersch\u00e4tzt werden. Diese Immunschw\u00e4chekrankheit ist trotz neuer Therapiem\u00f6glichkeiten immer noch nicht heilbar. Wichtig ist deshalb ein konsequenter Schutz vor [&hellip;]<\/p>\n","protected":false},"author":7,"featured_media":8073,"comment_status":"closed","ping_status":"open","sticky":false,"template":"","format":"standard","meta":{"footnotes":""},"categories":[78,71],"tags":[1836],"class_list":["post-8857","post","type-post","status-publish","format-standard","has-post-thumbnail","hentry","category-bayern","category-menue","tag-hiv"],"_links":{"self":[{"href":"https:\/\/www.frankensicht.de\/index.php?rest_route=\/wp\/v2\/posts\/8857","targetHints":{"allow":["GET"]}}],"collection":[{"href":"https:\/\/www.frankensicht.de\/index.php?rest_route=\/wp\/v2\/posts"}],"about":[{"href":"https:\/\/www.frankensicht.de\/index.php?rest_route=\/wp\/v2\/types\/post"}],"author":[{"embeddable":true,"href":"https:\/\/www.frankensicht.de\/index.php?rest_route=\/wp\/v2\/users\/7"}],"replies":[{"embeddable":true,"href":"https:\/\/www.frankensicht.de\/index.php?rest_route=%2Fwp%2Fv2%2Fcomments&post=8857"}],"version-history":[{"count":0,"href":"https:\/\/www.frankensicht.de\/index.php?rest_route=\/wp\/v2\/posts\/8857\/revisions"}],"wp:featuredmedia":[{"embeddable":true,"href":"https:\/\/www.frankensicht.de\/index.php?rest_route=\/wp\/v2\/media\/8073"}],"wp:attachment":[{"href":"https:\/\/www.frankensicht.de\/index.php?rest_route=%2Fwp%2Fv2%2Fmedia&parent=8857"}],"wp:term":[{"taxonomy":"category","embeddable":true,"href":"https:\/\/www.frankensicht.de\/index.php?rest_route=%2Fwp%2Fv2%2Fcategories&post=8857"},{"taxonomy":"post_tag","embeddable":true,"href":"https:\/\/www.frankensicht.de\/index.php?rest_route=%2Fwp%2Fv2%2Ftags&post=8857"}],"curies":[{"name":"wp","href":"https:\/\/api.w.org\/{rel}","templated":true}]}}