{"id":8854,"date":"2015-08-11T10:52:07","date_gmt":"2015-08-11T08:52:07","guid":{"rendered":"http:\/\/www.frankensicht.de\/?p=8854"},"modified":"2015-08-11T10:52:07","modified_gmt":"2015-08-11T08:52:07","slug":"zweite-pflegereform-stufe-ist-ein-meilenstein-bayerns-gesundheits-und-pflegeministerin-mahnt-aber-korrekturen-beim-pflege-tuev","status":"publish","type":"post","link":"https:\/\/www.frankensicht.de\/?p=8854","title":{"rendered":"Zweite Pflegereform-Stufe ist ein Meilenstein &#8211; Bayerns Gesundheits- und Pflegeministerin mahnt aber Korrekturen beim Pflege-T\u00dcV"},"content":{"rendered":"<p><span style=\"color: #ff0000;\">M\u00fcnchen:<\/span><\/p>\n<p>Huml: Zweite Pflegereform-Stufe ist ein Meilenstein &#8211; Bayerns Gesundheits- und Pflegeministerin mahnt aber Korrekturen beim Pflege-T\u00dcV an<\/p>\n<p>Bayerns Gesundheits- und Pflegeministerin Melanie Huml bewertet die zweite Stufe der Pflegereform, die am Mittwoch vom Bundeskabinett beschlossen werden soll, als &#8222;Meilenstein f\u00fcr eine bessere Versorgung von Demenzkranken&#8220;. Huml betonte am Dienstag: &#8222;Mit der Einf\u00fchrung des neuen Pflegebed\u00fcrftigkeitsbegriffs kommt der Bund auch einer Forderung Bayerns nach. Menschen mit Demenz erhalten k\u00fcnftig die gleichen Leistungen wie Menschen mit k\u00f6rperlichen Beeintr\u00e4chtigungen. Das war mir besonders wichtig.&#8220;<\/p>\n<p>Die Ministerin verwies zudem darauf, dass mit der Reform die bislang drei Pflegestufen durch f\u00fcnf Pflegegrade ersetzt werden. Sie unterstrich: &#8222;Die Bed\u00fcrfnisse des Einzelnen werden st\u00e4rker ber\u00fccksichtigt &#8211; und es stehen nicht mehr die rein k\u00f6rperlichen Beeintr\u00e4chtigungen und die sogenannte Minutenpflege im Vordergrund. Mit dem neuen Begutachtungssystem k\u00f6nnen wir auf die tats\u00e4chliche Einschr\u00e4nkung der Selbstst\u00e4ndigkeit von Pflegebed\u00fcrftigen besser eingehen.&#8220;<\/p>\n<p><a href=\"https:\/\/www.frankensicht.de\/?attachment_id=8077\" rel=\"attachment wp-att-8077\"><img loading=\"lazy\" decoding=\"async\" class=\"alignnone size-medium wp-image-8077\" src=\"https:\/\/www.frankensicht.de\/wp-content\/uploads\/2015\/01\/P1010279-300x225.jpg\" alt=\"P1010279\" width=\"300\" height=\"225\" srcset=\"https:\/\/www.frankensicht.de\/wp-content\/uploads\/2015\/01\/P1010279-300x225.jpg 300w, https:\/\/www.frankensicht.de\/wp-content\/uploads\/2015\/01\/P1010279.jpg 640w\" sizes=\"auto, (max-width: 300px) 100vw, 300px\" \/><\/a><\/p>\n<p>Huml mahnte allerdings Korrekturen am Pflege-T\u00dcV an. Sie erl\u00e4uterte: &#8222;Es ist nicht sinnvoll, an der bisherigen Gesamtnote f\u00fcr Pflegeheime festzuhalten. Vielmehr m\u00fcssen Pflegebed\u00fcrftige und ihre Angeh\u00f6rigen k\u00fcnftig ein realistischeres Bild von der Qualit\u00e4t einer Einrichtung bekommen.&#8220;<\/p>\n<p>Die Ministerin f\u00fcgte hinzu: &#8222;Fragen, die f\u00fcr die Menschen besonders wichtig sind, m\u00fcssen wesentlich st\u00e4rker als bisher in die Bewertung einflie\u00dfen. So sollten erhebliche Pflegem\u00e4ngel ein K.-o.-Kriterium sein, das nicht bei der Berechnung der Gesamtnote durch positive Bewertung anderer Faktoren ausgeglichen werden kann.&#8220;<\/p>\n<p>Bayern hatte bereits im vergangenen Jahr im Bundesrat eine Initiative f\u00fcr eine grundlegende \u00dcberarbeitung des Pflege-T\u00dcV gestartet. Huml unterstrich: &#8222;Es reicht nicht, den Qualit\u00e4tsausschuss mit der Erarbeitung eines neuen Qualit\u00e4tsmessungsverfahrens zu beauftragen. Wir fordern konkrete inhaltliche Vorgaben an die Selbstverwaltung im Gesetz.&#8220;<\/p>\n<p>Huml betonte zugleich: &#8222;Bayern setzt sich weiter daf\u00fcr ein, den Grundsatz &#8218;Reha vor Pflege&#8216; zu st\u00e4rken. Um das zu erreichen, soll die Pflegeversicherung k\u00fcnftig an der Finanzierung der geriatrischen Rehabilitation beteiligt werden. Die Finanzierungsverantwortung ist dann dort verortet, wo auch der finanzielle Nutzen entsteht. Das ist ein ganz wichtiger Schritt gerade f\u00fcr die Pflegebed\u00fcrftigen.&#8220;<\/p>\n<p>Bereits am 1.1.2015 ist das erste Pflegest\u00e4rkungsgesetz in Kraft getreten. Es hat zu zahlreichen Leistungsverbesserungen gef\u00fchrt. Mit dem zweiten Pflegest\u00e4rkungsgesetz wird der Pflegebed\u00fcrftigkeitsbegriff reformiert und so die Pflegeversicherung auf eine neue Grundlage gestellt. In Zukunft soll der individuelle Unterst\u00fctzungsbedarf jedes Einzelnen im Mittelpunkt stehen. Bei dem neuen Begutachtungsverfahren wird nicht mehr ausschlie\u00dflich die Zeit gemessen, die zur Pflege ben\u00f6tigt wird. Ermittelt wird vielmehr die Einschr\u00e4nkung der Selbstst\u00e4ndigkeit des betroffenen Menschen.<\/p>\n<p>Quelle:stmgp.bayern.de<\/p>\n","protected":false},"excerpt":{"rendered":"<p>M\u00fcnchen: Huml: Zweite Pflegereform-Stufe ist ein Meilenstein &#8211; Bayerns Gesundheits- und Pflegeministerin mahnt aber Korrekturen beim Pflege-T\u00dcV an Bayerns Gesundheits- und Pflegeministerin Melanie Huml bewertet die zweite Stufe der Pflegereform, die am Mittwoch vom Bundeskabinett beschlossen werden soll, als &#8222;Meilenstein f\u00fcr eine bessere Versorgung von Demenzkranken&#8220;. Huml betonte am Dienstag: &#8222;Mit der Einf\u00fchrung des neuen [&hellip;]<\/p>\n","protected":false},"author":7,"featured_media":8077,"comment_status":"closed","ping_status":"open","sticky":false,"template":"","format":"standard","meta":{"footnotes":""},"categories":[78,71],"tags":[1835],"class_list":["post-8854","post","type-post","status-publish","format-standard","has-post-thumbnail","hentry","category-bayern","category-menue","tag-pfelgereform"],"_links":{"self":[{"href":"https:\/\/www.frankensicht.de\/index.php?rest_route=\/wp\/v2\/posts\/8854","targetHints":{"allow":["GET"]}}],"collection":[{"href":"https:\/\/www.frankensicht.de\/index.php?rest_route=\/wp\/v2\/posts"}],"about":[{"href":"https:\/\/www.frankensicht.de\/index.php?rest_route=\/wp\/v2\/types\/post"}],"author":[{"embeddable":true,"href":"https:\/\/www.frankensicht.de\/index.php?rest_route=\/wp\/v2\/users\/7"}],"replies":[{"embeddable":true,"href":"https:\/\/www.frankensicht.de\/index.php?rest_route=%2Fwp%2Fv2%2Fcomments&post=8854"}],"version-history":[{"count":0,"href":"https:\/\/www.frankensicht.de\/index.php?rest_route=\/wp\/v2\/posts\/8854\/revisions"}],"wp:featuredmedia":[{"embeddable":true,"href":"https:\/\/www.frankensicht.de\/index.php?rest_route=\/wp\/v2\/media\/8077"}],"wp:attachment":[{"href":"https:\/\/www.frankensicht.de\/index.php?rest_route=%2Fwp%2Fv2%2Fmedia&parent=8854"}],"wp:term":[{"taxonomy":"category","embeddable":true,"href":"https:\/\/www.frankensicht.de\/index.php?rest_route=%2Fwp%2Fv2%2Fcategories&post=8854"},{"taxonomy":"post_tag","embeddable":true,"href":"https:\/\/www.frankensicht.de\/index.php?rest_route=%2Fwp%2Fv2%2Ftags&post=8854"}],"curies":[{"name":"wp","href":"https:\/\/api.w.org\/{rel}","templated":true}]}}