{"id":8845,"date":"2015-08-08T07:47:41","date_gmt":"2015-08-08T05:47:41","guid":{"rendered":"http:\/\/www.frankensicht.de\/?p=8845"},"modified":"2015-08-08T07:47:41","modified_gmt":"2015-08-08T05:47:41","slug":"die-produktion-im-produzierenden-gewerbe-2","status":"publish","type":"post","link":"https:\/\/www.frankensicht.de\/?p=8845","title":{"rendered":"Die Produktion im Produzierenden Gewerbe"},"content":{"rendered":"<p><span style=\"color: #ff0000;\">Berlin:<\/span><\/p>\n<p>Die Produktion im Produzierenden Gewerbe<br \/>\n&lt;http:\/\/www.bmwi.de\/DE\/Themen\/Industrie\/statistische-daten.html&gt; fiel nach<br \/>\nAngaben des Statistischen Bundesamtes [1] im Juni preis-, saison- und<br \/>\narbeitst\u00e4glich bereinigt [2] um 1,4 % geringer aus als im Vormonat. Die<br \/>\nIndustrieproduktion ging im Juni um 1,3 % zur\u00fcck. St\u00e4rker war der R\u00fcckgang der<br \/>\nProduktion im Baugewerbe mit 4,5 %. Hierzu hat das Ausbaugewerbe<br \/>\n\u00fcberdurchschnittlich beigetragen. Innerhalb der Industrie fiel insbesondere die<br \/>\nProduktion von Investitionsg\u00fctern niedriger aus, unter anderem im Maschinenbau<br \/>\nund der Kfz-Branche. Da Fronleichnam dieses Jahr in den Juni gefallen ist,<br \/>\nd\u00fcrften Br\u00fcckentagseffekte einen d\u00e4mpfenden Effekt gehabt haben.<\/p>\n<p><a href=\"https:\/\/www.frankensicht.de\/?attachment_id=1457\" rel=\"attachment wp-att-1457\"><img loading=\"lazy\" decoding=\"async\" class=\"alignnone size-full wp-image-1457\" src=\"https:\/\/www.frankensicht.de\/wp-content\/uploads\/2012\/05\/StatPressCN-\u2039-frankensicht.de-\u2014-WordPress_1336737358340.jpeg\" alt=\"StatPressCN \u2039 frankensicht.de \u2014 WordPress_1336737358340\" width=\"235\" height=\"119\" \/><\/a><\/p>\n<p>Im Durchschnitt des zweiten Quartals stagnierte die Produktion im Produzierenden<br \/>\nGewerbe (\u00b1 0,0 %). Die Industrieproduktion wurde leicht um 0,2 % und damit etwas<br \/>\nschw\u00e4cher als im ersten Quartal ausgeweitet. W\u00e4hrend die Produktion von<br \/>\nVorleistungsg\u00fctern im zweiten Quartal zur\u00fcckging, konnte die Erzeugung von<br \/>\nInvestitions- und Konsumg\u00fctern gesteigert werden. Im Baugewerbe nahm die<br \/>\nProduktion im zweiten Quartal um 2,3\u00a0% ab.<\/p>\n<p>Die Produktion im Produzierenden Gewerbe hat sich im Fr\u00fchjahr wenig dynamisch<br \/>\nentwickelt. Dies lag vor allem am Baugewerbe, das nach dem starken ersten Quartal<br \/>\neinen R\u00fcckprall erlebte. Die Rahmenbedingungen f\u00fcr die Branche bleiben aber<br \/>\nweiterhin gut. Die Industrieproduktion konnte wie im Vorquartal leicht zulegen.<br \/>\nAngesichts der zuletzt positiven Auftragsentwicklung und der weiterhin guten<br \/>\nStimmung in den Unternehmen ist in den kommenden Monaten mit einer Fortsetzung<br \/>\ndes moderaten Aufw\u00e4rtstrends in der Industrie zu rechnen.<\/p>\n<p>Quelle: \u00a0bmwi.bund.de<\/p>\n","protected":false},"excerpt":{"rendered":"<p>Berlin: Die Produktion im Produzierenden Gewerbe &lt;http:\/\/www.bmwi.de\/DE\/Themen\/Industrie\/statistische-daten.html&gt; fiel nach Angaben des Statistischen Bundesamtes [1] im Juni preis-, saison- und arbeitst\u00e4glich bereinigt [2] um 1,4 % geringer aus als im Vormonat. Die Industrieproduktion ging im Juni um 1,3 % zur\u00fcck. St\u00e4rker war der R\u00fcckgang der Produktion im Baugewerbe mit 4,5 %. Hierzu hat das Ausbaugewerbe \u00fcberdurchschnittlich [&hellip;]<\/p>\n","protected":false},"author":7,"featured_media":1457,"comment_status":"closed","ping_status":"open","sticky":false,"template":"","format":"standard","meta":{"footnotes":""},"categories":[44,3,16],"tags":[528],"class_list":["post-8845","post","type-post","status-publish","format-standard","has-post-thumbnail","hentry","category-deutschland-2","category-news","category-wirtschaft","tag-produzierendes-gewerbe"],"_links":{"self":[{"href":"https:\/\/www.frankensicht.de\/index.php?rest_route=\/wp\/v2\/posts\/8845","targetHints":{"allow":["GET"]}}],"collection":[{"href":"https:\/\/www.frankensicht.de\/index.php?rest_route=\/wp\/v2\/posts"}],"about":[{"href":"https:\/\/www.frankensicht.de\/index.php?rest_route=\/wp\/v2\/types\/post"}],"author":[{"embeddable":true,"href":"https:\/\/www.frankensicht.de\/index.php?rest_route=\/wp\/v2\/users\/7"}],"replies":[{"embeddable":true,"href":"https:\/\/www.frankensicht.de\/index.php?rest_route=%2Fwp%2Fv2%2Fcomments&post=8845"}],"version-history":[{"count":0,"href":"https:\/\/www.frankensicht.de\/index.php?rest_route=\/wp\/v2\/posts\/8845\/revisions"}],"wp:featuredmedia":[{"embeddable":true,"href":"https:\/\/www.frankensicht.de\/index.php?rest_route=\/wp\/v2\/media\/1457"}],"wp:attachment":[{"href":"https:\/\/www.frankensicht.de\/index.php?rest_route=%2Fwp%2Fv2%2Fmedia&parent=8845"}],"wp:term":[{"taxonomy":"category","embeddable":true,"href":"https:\/\/www.frankensicht.de\/index.php?rest_route=%2Fwp%2Fv2%2Fcategories&post=8845"},{"taxonomy":"post_tag","embeddable":true,"href":"https:\/\/www.frankensicht.de\/index.php?rest_route=%2Fwp%2Fv2%2Ftags&post=8845"}],"curies":[{"name":"wp","href":"https:\/\/api.w.org\/{rel}","templated":true}]}}