{"id":8842,"date":"2015-08-09T08:16:43","date_gmt":"2015-08-09T06:16:43","guid":{"rendered":"http:\/\/www.frankensicht.de\/?p=8842"},"modified":"2015-08-09T08:16:43","modified_gmt":"2015-08-09T06:16:43","slug":"bayrischer-filmpreis","status":"publish","type":"post","link":"https:\/\/www.frankensicht.de\/?p=8842","title":{"rendered":"Bayrischer Filmpreis"},"content":{"rendered":"<p><span style=\"color: #ff0000;\">M\u00fcnchen:<\/span><\/p>\n<p>Aigner: \u201eDie neue Jury ist mit hochkar\u00e4tigen Fachleuten der Filmbranche besetzt\u201c<br \/>\nBayerns Medienministerin Ilse Aigner hat die Auswahlkommission f\u00fcr den Bayerischen Filmpreis neu berufen: &amp;bdquo;F\u00fcr die Jury konnten wir wieder sehr renommierte Branchenvertreter und Experten gewinnen. Dies spricht f\u00fcr den Qualit\u00e4tsanspruch des Bayerischen Filmpreises. Allen bisherigen Jurymitgliedern danke ich f\u00fcr ihre engagierte Mitarbeit, die grundlegend f\u00fcr den Erfolg des Bayerischen Filmpreises ist.&amp;ldquo;<\/p>\n<p>Die Mitglieder des Auswahlausschusses f\u00fcr den Bayerischen Filmpreis sind: Dagmar Biller (Dokumentarfilm), Susanne Hermanski (Filmpublizistik), Elisabeth Kuonen-Reich (Filmtheater), Prof. Bettina Reitz (Hochschule), Caroline Link (Regie), Maggie Peren (Drehbuch), Bettina Ricklefs (Dramaturgie), Gernot Roll (Bildgestaltung), Jule Ronstedt (Schauspiel) und Prof. Dr. Klaus Schaefer (Filmf\u00f6rderung). Die Jury wird vom Filmreferenten der Bayerischen Staatsregierung, Daniel Curio, geleitet und ist f\u00fcr eine Amtszeit von drei Jahren berufen. Die Jury empfiehlt die Preistr\u00e4ger, die mit dem Bayerischen Filmpreis 2015, 2016 und 2017 ausgezeichnet werden.<\/p>\n<p><a href=\"https:\/\/www.frankensicht.de\/?attachment_id=8089\" rel=\"attachment wp-att-8089\"><img loading=\"lazy\" decoding=\"async\" class=\"alignnone size-medium wp-image-8089\" src=\"https:\/\/www.frankensicht.de\/wp-content\/uploads\/2015\/01\/P1030009-300x225.jpg\" alt=\"P1030009\" width=\"300\" height=\"225\" srcset=\"https:\/\/www.frankensicht.de\/wp-content\/uploads\/2015\/01\/P1030009-300x225.jpg 300w, https:\/\/www.frankensicht.de\/wp-content\/uploads\/2015\/01\/P1030009.jpg 640w\" sizes=\"auto, (max-width: 300px) 100vw, 300px\" \/><\/a><\/p>\n<p>Der Bayerische Filmpreis hat eine lange Tradition und wird seit 1979 w\u00e4hrend der M\u00fcnchner Filmwoche im Januar vergeben. Die Verleihung des Bayerischen Filmpreises 2015 wird am 15. Januar 2016 bei einer festlichen Gala im Prinzregententheater stattfinden. Mehr Informationen unter www.stmwi.bayern.de\/service\/wettbewerbe\/bayerischer-filmpreis\/<\/p>\n<p>Quelle: stmwi.bayern.de<\/p>\n","protected":false},"excerpt":{"rendered":"<p>M\u00fcnchen: Aigner: \u201eDie neue Jury ist mit hochkar\u00e4tigen Fachleuten der Filmbranche besetzt\u201c Bayerns Medienministerin Ilse Aigner hat die Auswahlkommission f\u00fcr den Bayerischen Filmpreis neu berufen: &amp;bdquo;F\u00fcr die Jury konnten wir wieder sehr renommierte Branchenvertreter und Experten gewinnen. Dies spricht f\u00fcr den Qualit\u00e4tsanspruch des Bayerischen Filmpreises. Allen bisherigen Jurymitgliedern danke ich f\u00fcr ihre engagierte Mitarbeit, die [&hellip;]<\/p>\n","protected":false},"author":7,"featured_media":8085,"comment_status":"closed","ping_status":"open","sticky":false,"template":"","format":"standard","meta":{"footnotes":""},"categories":[78,71],"tags":[1831],"class_list":["post-8842","post","type-post","status-publish","format-standard","has-post-thumbnail","hentry","category-bayern","category-menue","tag-bayrischer-filmpreis"],"_links":{"self":[{"href":"https:\/\/www.frankensicht.de\/index.php?rest_route=\/wp\/v2\/posts\/8842","targetHints":{"allow":["GET"]}}],"collection":[{"href":"https:\/\/www.frankensicht.de\/index.php?rest_route=\/wp\/v2\/posts"}],"about":[{"href":"https:\/\/www.frankensicht.de\/index.php?rest_route=\/wp\/v2\/types\/post"}],"author":[{"embeddable":true,"href":"https:\/\/www.frankensicht.de\/index.php?rest_route=\/wp\/v2\/users\/7"}],"replies":[{"embeddable":true,"href":"https:\/\/www.frankensicht.de\/index.php?rest_route=%2Fwp%2Fv2%2Fcomments&post=8842"}],"version-history":[{"count":0,"href":"https:\/\/www.frankensicht.de\/index.php?rest_route=\/wp\/v2\/posts\/8842\/revisions"}],"wp:featuredmedia":[{"embeddable":true,"href":"https:\/\/www.frankensicht.de\/index.php?rest_route=\/wp\/v2\/media\/8085"}],"wp:attachment":[{"href":"https:\/\/www.frankensicht.de\/index.php?rest_route=%2Fwp%2Fv2%2Fmedia&parent=8842"}],"wp:term":[{"taxonomy":"category","embeddable":true,"href":"https:\/\/www.frankensicht.de\/index.php?rest_route=%2Fwp%2Fv2%2Fcategories&post=8842"},{"taxonomy":"post_tag","embeddable":true,"href":"https:\/\/www.frankensicht.de\/index.php?rest_route=%2Fwp%2Fv2%2Ftags&post=8842"}],"curies":[{"name":"wp","href":"https:\/\/api.w.org\/{rel}","templated":true}]}}