{"id":8838,"date":"2015-08-07T08:45:55","date_gmt":"2015-08-07T06:45:55","guid":{"rendered":"http:\/\/www.frankensicht.de\/?p=8838"},"modified":"2015-08-07T08:45:55","modified_gmt":"2015-08-07T06:45:55","slug":"huml-warnt-vor-gefahren-durch-bienen-und-wespenstiche","status":"publish","type":"post","link":"https:\/\/www.frankensicht.de\/?p=8838","title":{"rendered":"Huml warnt vor Gefahren durch Bienen- und Wespenstiche"},"content":{"rendered":"<p><span style=\"color: #ff0000;\">M\u00fcnchen:<\/span><\/p>\n<p>Huml warnt vor Gefahren durch Bienen- und Wespenstiche &#8211; Bayerns Gesundheitsministerin: Bei Menschen mit allergischer Veranlagung ist besondere Vorsicht geboten<\/p>\n<p>Bayerns Gesundheitsministerin Melanie Huml warnt davor, die Gefahren durch Bienen- und Wespenstiche zu untersch\u00e4tzen. Huml betonte am Freitag: &#8222;Bienen und Wespen geh\u00f6ren in Mitteleuropa zu den h\u00e4ufigsten Ausl\u00f6sern von Insektengiftallergien. In S\u00fcddeutschland finden sich einer aktuellen Studie zufolge bei fast jedem dritten Erwachsenen Hinweise im Blut auf eine Empfindlichkeit f\u00fcr Bienen- oder Wespengift.&#8220;<\/p>\n<p>Die Ministerin, die auch \u00c4rztin ist, erl\u00e4uterte: &#8222;F\u00fcr normal empfindliche Personen k\u00f6nnen vor allem Stiche im Kopf-Hals-Bereich oder sehr viele Stiche auf einmal bedrohlich sein. F\u00fcr Menschen mit einer allergischen Veranlagung besteht aber bereits nach einem einzigen Stich die Gefahr heftiger Reaktionen &#8211; unabh\u00e4ngig davon, welches K\u00f6rperteil betroffen ist.&#8220;<\/p>\n<p><a href=\"https:\/\/www.frankensicht.de\/?attachment_id=6221\" rel=\"attachment wp-att-6221\"><img loading=\"lazy\" decoding=\"async\" class=\"alignnone size-medium wp-image-6221\" src=\"https:\/\/www.frankensicht.de\/wp-content\/uploads\/2013\/09\/blume-300x200.jpg\" alt=\"blume\" width=\"300\" height=\"200\" srcset=\"https:\/\/www.frankensicht.de\/wp-content\/uploads\/2013\/09\/blume-300x200.jpg 300w, https:\/\/www.frankensicht.de\/wp-content\/uploads\/2013\/09\/blume-220x146.jpg 220w, https:\/\/www.frankensicht.de\/wp-content\/uploads\/2013\/09\/blume.jpg 600w\" sizes=\"auto, (max-width: 300px) 100vw, 300px\" \/><\/a><\/p>\n<p>Zu den Symptomen geh\u00f6ren etwa ein rasch auftretender Hautausschlag am ganzen K\u00f6rper, Schwindel oder Atemnot. Im schlimmsten Fall kommt es zum sogenannten anaphylaktischen Schock, der unbehandelt zum Tode f\u00fchren kann. J\u00e4hrlich werden in Deutschland etwa 20 Todesf\u00e4lle nach Stichen von Wespen, Bienen oder \u00e4hnlichen Insekten verzeichnet, die Dunkelziffer d\u00fcrfte noch h\u00f6her liegen.<\/p>\n<p>Am besten ist es, sich von vornherein vor Stichen zu sch\u00fctzen. \u00dcberreifes Obst oder bestimmte Duftstoffe in Kosmetika etwa k\u00f6nnen die Insekten anlocken. Auch sollten hektische Bewegungen vermieden werden, wenn Wespen oder Bienen in der N\u00e4he sind. Wer gestochen wurde, sollte versuchen, einen in der Haut verbliebenen Stachel vorsichtig zu entfernen.<\/p>\n<p>Au\u00dferdem sollte man beim Verdacht auf eine allergische Reaktion keine Zeit verlieren und sofort einen Arzt aufsuchen. Ob man tats\u00e4chlich an einer Wespen- oder Bienengiftallergie leidet, l\u00e4sst sich anhand verschiedener Tests bestimmen. Dazu geh\u00f6ren zum Beispiel Hauttests und der Nachweis spezifischer Antik\u00f6rper im Blut. Fach\u00e4rzte und Allergologen geben hierzu n\u00e4here Auskunft.<\/p>\n<p>Jeder Patient, der nach einem Insektenstich eine schwerere allergische Reaktion erlitten hat, ben\u00f6tigt neben der akuten auch eine langfristige Therapie. F\u00fcr Personen mit einer nachgewiesenen Wespen- oder Bienengiftallergie kommt hierf\u00fcr unter anderem die sogenannte spezifische Immuntherapie (Hyposensibilisierung) in Frage. Dabei wird das jeweilige Insektengift unter sorgf\u00e4ltiger \u00e4rztlicher Aufsicht in jeweils ansteigenden Konzentrationen \u00fcber einen l\u00e4ngeren Zeitraum unter die Haut gespritzt.<\/p>\n<p>Ziel ist, heftige und potentiell lebensbedrohliche Reaktionen nach einem erneuten Stich zu vermeiden. Gerade bei der Insektengiftallergie k\u00f6nnen mit der Hyposensibilisierung Erfolgsraten bis zu 95 Prozent erreicht werden.<\/p>\n<p>Quelle:stmgp.bayern.de<\/p>\n","protected":false},"excerpt":{"rendered":"<p>M\u00fcnchen: Huml warnt vor Gefahren durch Bienen- und Wespenstiche &#8211; Bayerns Gesundheitsministerin: Bei Menschen mit allergischer Veranlagung ist besondere Vorsicht geboten Bayerns Gesundheitsministerin Melanie Huml warnt davor, die Gefahren durch Bienen- und Wespenstiche zu untersch\u00e4tzen. Huml betonte am Freitag: &#8222;Bienen und Wespen geh\u00f6ren in Mitteleuropa zu den h\u00e4ufigsten Ausl\u00f6sern von Insektengiftallergien. In S\u00fcddeutschland finden sich [&hellip;]<\/p>\n","protected":false},"author":7,"featured_media":6221,"comment_status":"closed","ping_status":"open","sticky":false,"template":"","format":"standard","meta":{"footnotes":""},"categories":[78,71],"tags":[1830],"class_list":["post-8838","post","type-post","status-publish","format-standard","has-post-thumbnail","hentry","category-bayern","category-menue","tag-bienenstiche"],"_links":{"self":[{"href":"https:\/\/www.frankensicht.de\/index.php?rest_route=\/wp\/v2\/posts\/8838","targetHints":{"allow":["GET"]}}],"collection":[{"href":"https:\/\/www.frankensicht.de\/index.php?rest_route=\/wp\/v2\/posts"}],"about":[{"href":"https:\/\/www.frankensicht.de\/index.php?rest_route=\/wp\/v2\/types\/post"}],"author":[{"embeddable":true,"href":"https:\/\/www.frankensicht.de\/index.php?rest_route=\/wp\/v2\/users\/7"}],"replies":[{"embeddable":true,"href":"https:\/\/www.frankensicht.de\/index.php?rest_route=%2Fwp%2Fv2%2Fcomments&post=8838"}],"version-history":[{"count":0,"href":"https:\/\/www.frankensicht.de\/index.php?rest_route=\/wp\/v2\/posts\/8838\/revisions"}],"wp:featuredmedia":[{"embeddable":true,"href":"https:\/\/www.frankensicht.de\/index.php?rest_route=\/wp\/v2\/media\/6221"}],"wp:attachment":[{"href":"https:\/\/www.frankensicht.de\/index.php?rest_route=%2Fwp%2Fv2%2Fmedia&parent=8838"}],"wp:term":[{"taxonomy":"category","embeddable":true,"href":"https:\/\/www.frankensicht.de\/index.php?rest_route=%2Fwp%2Fv2%2Fcategories&post=8838"},{"taxonomy":"post_tag","embeddable":true,"href":"https:\/\/www.frankensicht.de\/index.php?rest_route=%2Fwp%2Fv2%2Ftags&post=8838"}],"curies":[{"name":"wp","href":"https:\/\/api.w.org\/{rel}","templated":true}]}}