{"id":8817,"date":"2015-08-03T07:38:44","date_gmt":"2015-08-03T05:38:44","guid":{"rendered":"http:\/\/www.frankensicht.de\/?p=8817"},"modified":"2015-08-03T07:38:44","modified_gmt":"2015-08-03T05:38:44","slug":"amtswechsel-bei-der-staatsanwaltschaft-bamberg","status":"publish","type":"post","link":"https:\/\/www.frankensicht.de\/?p=8817","title":{"rendered":"Amtswechsel bei der Staatsanwaltschaft Bamberg"},"content":{"rendered":"<p><span style=\"color: #ff0000;\">Bamberg:<\/span><\/p>\n<p>Amtswechsel bei der Staatsanwaltschaft Bamberg \/ Bay-erns Justizminister spricht Bardo Backert seinen Dank aus und f\u00fchrt Erik Ohlenschlager in sein neues Amt ein \/ Bausback: &#8222;Mit Bamberger Zentralstelle Cybercrime dem Aufw\u00e4rtstrend bei der Cyberkriminalit\u00e4t die Stirn bieten!&#8220;<br \/>\nDer bayerische Justizminister Prof. Dr. Winfried Bausback hat heute den neuen Leitenden Oberstaatsanwalt bei der Staatsanwaltschaft Bamberg Erik Ohlenschlager offiziell in sein Amt eingef\u00fchrt. Er ist Nachfolger von Bardo Backert, der seit Mitte M\u00e4rz Beh\u00f6rdenleiter der Staatsanwaltschaft W\u00fcrzburg ist.<\/p>\n<p>Im rechtspolitischen Teil seiner Rede ging Bausback auf das Thema Cybercrime ein: &#8222;Gerade bei der Cyberkriminalit\u00e4t ist ein starker und stetiger Aufw\u00e4rtstrend zu beobachten. Hier ist nicht nur die Polizei, sondern auch in besonderem Ma\u00dfe die Justiz gefordert. Um uns gut zu r\u00fcsten, haben wir bei der Generalstaatsanwaltschaft in Bamberg zu Beginn dieses Jahres die Bayerische Zentralstelle zur Bek\u00e4mpfung von Cybercrime gegr\u00fcndet.&#8220; Cybercrime greife immer weiter um sich. Daran werde sich in unmittelbarer Zukunft nichts \u00e4ndern, so Bausback. &#8222;Der Reiz, die M\u00f6glichkeiten des Internets &amp;ndash; besonders dessen Anonymit\u00e4t &amp;ndash; zu nutzen, ist hoch. Ich bin froh und stolz, dass wir diesem Trend in Bayern und ganz besonders hier in Bamberg die Stirn bieten.&#8220;<\/p>\n<p><a href=\"https:\/\/www.frankensicht.de\/?attachment_id=3276\" rel=\"attachment wp-att-3276\"><img loading=\"lazy\" decoding=\"async\" class=\"alignnone size-medium wp-image-3276\" src=\"https:\/\/www.frankensicht.de\/wp-content\/uploads\/2012\/07\/knast-300x225.png\" alt=\"knast\" width=\"300\" height=\"225\" srcset=\"https:\/\/www.frankensicht.de\/wp-content\/uploads\/2012\/07\/knast-300x225.png 300w, https:\/\/www.frankensicht.de\/wp-content\/uploads\/2012\/07\/knast.png 840w\" sizes=\"auto, (max-width: 300px) 100vw, 300px\" \/><\/a><\/p>\n<p>Bardo Backert (63 Jahre) trat seinen Dienst in der bayerischen Justiz im Jahr 1980 bei der Staatsanwaltschaft W\u00fcrzburg an. Im Oktober 1988 wechselte er zum Amtsgericht W\u00fcrzburg und kehrte im April 1994 als Gruppenleiter zur Staatsanwaltschaft W\u00fcrzburg zur\u00fcck. Sieben Jahre sp\u00e4ter wurde er zum Oberstaatsanwalt bef\u00f6rdert, ehe er Mitte Juli 2005 Direktor des Amtsgerichts Gem\u00fcnden wurde. Im April 2010 wurde er zum Leitenden Oberstaatsanwalt der Staatsanwaltschaft Bamberg ernannt. Seit 16. M\u00e4rz 2015 ist Herr Backert Leitender Oberstaatsanwalt der Staatsanwaltschaft W\u00fcrzburg.<\/p>\n<p>Erik Ohlenschlager (61 Jahre) hat seine Justizkarriere am 1. Januar 1988 als Staatsanwalt in Aschaffenburg und sp\u00e4ter in W\u00fcrzburg begonnen. Anschlie\u00dfend wirkte er von Februar 1994 bis Anfang Januar 2000 als Richter am Landgericht W\u00fcrzburg. In der Folge war er zun\u00e4chst als Gruppenleiter und dann ab Januar 2004 als Oberstaatsanwalt bei der Staatsanwaltschaft W\u00fcrzburg eingesetzt, bis er im Juli 2010 zum Direktor des Amtsgerichts Neustadt a. d. Saale ernannt wurde. Im M\u00e4rz 2012 wechselte er als Vizepr\u00e4sident an das Landgericht Schweinfurt. Seit 16. Mai dieses Jahres ist Erik Ohlenschlager nun Leitender Oberstaatsanwalt bei der Staatsanwaltschaft Bamberg.<\/p>\n<p>Der Justizminister sprach Bardo Backert seinen Dank f\u00fcr die geleistete Arbeit aus: &#8222;F\u00fcr Sie stand neben dem einzelnen Verfahren mit all seinen Facetten auch immer der Mensch im Mittelpunkt. Gleichzeitig f\u00f6rderten Sie stets das Ansehen der Staatsanwaltschaft als objektive, auf Sachlichkeit und Gerechtigkeit bedachte Beh\u00f6rde. Die Staatsanwaltschaft Bamberg darf sich gl\u00fccklich sch\u00e4tzen, dass Sie f\u00fcnf Jahre an ihrer Spitze standen. Ein ganz herzliches Dankesch\u00f6n f\u00fcr Ihr gro\u00dfartiges bisheriges Wirken &amp;ndash; f\u00fcr Ihre neuen Aufgaben in W\u00fcrzburg w\u00fcnsche ich Ihnen weiterhin viel Erfolg!&#8220;<\/p>\n<p>An Erik Ohlenschlager gerichtet erkl\u00e4rte der Minister: &#8222;Ihr unerm\u00fcdlicher Einsatz und Ihr bemerkenswertes Verantwortungsbewusstsein machen Sie zu einer allseits akzeptierten F\u00fchrungskraft, die uneingeschr\u00e4nktes Vertrauen genie\u00dft. F\u00fcr Ihr neues Amt bringen Sie die besten Voraussetzungen mit. Ich bin \u00fcberzeugt, dass Sie alle auf Sie zukommenden Aufgaben erfolgreich l\u00f6sen werden. F\u00fcr Ihre neue T\u00e4tigkeit w\u00fcnsche ich Ihnen alles Gute und viel Erfolg!&#8220;<\/p>\n<p>Quelle:stmj.bayern.de<\/p>\n","protected":false},"excerpt":{"rendered":"<p>Bamberg: Amtswechsel bei der Staatsanwaltschaft Bamberg \/ Bay-erns Justizminister spricht Bardo Backert seinen Dank aus und f\u00fchrt Erik Ohlenschlager in sein neues Amt ein \/ Bausback: &#8222;Mit Bamberger Zentralstelle Cybercrime dem Aufw\u00e4rtstrend bei der Cyberkriminalit\u00e4t die Stirn bieten!&#8220; Der bayerische Justizminister Prof. Dr. Winfried Bausback hat heute den neuen Leitenden Oberstaatsanwalt bei der Staatsanwaltschaft Bamberg [&hellip;]<\/p>\n","protected":false},"author":7,"featured_media":3276,"comment_status":"closed","ping_status":"open","sticky":false,"template":"","format":"standard","meta":{"footnotes":""},"categories":[91,71,83],"tags":[1828],"class_list":["post-8817","post","type-post","status-publish","format-standard","has-post-thumbnail","hentry","category-bamberg-oberfranken","category-menue","category-oberfranken","tag-staatsanwaltschaft-bamberg"],"_links":{"self":[{"href":"https:\/\/www.frankensicht.de\/index.php?rest_route=\/wp\/v2\/posts\/8817","targetHints":{"allow":["GET"]}}],"collection":[{"href":"https:\/\/www.frankensicht.de\/index.php?rest_route=\/wp\/v2\/posts"}],"about":[{"href":"https:\/\/www.frankensicht.de\/index.php?rest_route=\/wp\/v2\/types\/post"}],"author":[{"embeddable":true,"href":"https:\/\/www.frankensicht.de\/index.php?rest_route=\/wp\/v2\/users\/7"}],"replies":[{"embeddable":true,"href":"https:\/\/www.frankensicht.de\/index.php?rest_route=%2Fwp%2Fv2%2Fcomments&post=8817"}],"version-history":[{"count":0,"href":"https:\/\/www.frankensicht.de\/index.php?rest_route=\/wp\/v2\/posts\/8817\/revisions"}],"wp:featuredmedia":[{"embeddable":true,"href":"https:\/\/www.frankensicht.de\/index.php?rest_route=\/wp\/v2\/media\/3276"}],"wp:attachment":[{"href":"https:\/\/www.frankensicht.de\/index.php?rest_route=%2Fwp%2Fv2%2Fmedia&parent=8817"}],"wp:term":[{"taxonomy":"category","embeddable":true,"href":"https:\/\/www.frankensicht.de\/index.php?rest_route=%2Fwp%2Fv2%2Fcategories&post=8817"},{"taxonomy":"post_tag","embeddable":true,"href":"https:\/\/www.frankensicht.de\/index.php?rest_route=%2Fwp%2Fv2%2Ftags&post=8817"}],"curies":[{"name":"wp","href":"https:\/\/api.w.org\/{rel}","templated":true}]}}