{"id":8810,"date":"2015-07-31T11:43:49","date_gmt":"2015-07-31T09:43:49","guid":{"rendered":"http:\/\/www.frankensicht.de\/?p=8810"},"modified":"2015-07-31T11:43:49","modified_gmt":"2015-07-31T09:43:49","slug":"neue-ausbildungsordnungen-des-bundeswirtschaftsministeriums-treten-in-kraft","status":"publish","type":"post","link":"https:\/\/www.frankensicht.de\/?p=8810","title":{"rendered":"Neue Ausbildungsordnungen des Bundeswirtschaftsministeriums treten in Kraft"},"content":{"rendered":"<p><span style=\"color: #ff0000;\">Berlin:<\/span><\/p>\n<p>Gabriel: Deutschland wird weltweit um Duale Berufsausbildung beneidet<br \/>\nNeue Ausbildungsordnungen des Bundeswirtschaftsministeriums treten in Kraft<\/p>\n<p>Zum Beginn des neuen Ausbildungsjahres starten wieder \u00fcber eine halbe Million<br \/>\njunge Menschen eine berufliche Ausbildung<br \/>\n&lt;http:\/\/www.bmwi.de\/DE\/Themen\/ausbildung-und-beruf.html&gt;. Damit die duale<br \/>\nAusbildung den sich \u00e4ndernden Anforderungen gerecht werden kann, hat das<br \/>\nBundesministerium f\u00fcr Wirtschaft und Energie gemeinsam mit den Sozialpartnern<br \/>\neine Reihe von Ausbildungsordnungen<br \/>\n&lt;http:\/\/www.bmwi.de\/DE\/Themen\/Ausbildung-und-Beruf\/Ausbildungsberufe\/ausbildungsordnungen.html&gt;<br \/>\nmodernisiert. Die Regelungen treten zum 1. August 2015 in Kraft.<\/p>\n<p><a href=\"https:\/\/www.frankensicht.de\/?attachment_id=6464\" rel=\"attachment wp-att-6464\"><img loading=\"lazy\" decoding=\"async\" class=\"alignnone size-medium wp-image-6464\" src=\"https:\/\/www.frankensicht.de\/wp-content\/uploads\/2013\/11\/muelleimer-300x225.jpg\" alt=\"muelleimer\" width=\"300\" height=\"225\" srcset=\"https:\/\/www.frankensicht.de\/wp-content\/uploads\/2013\/11\/muelleimer-300x225.jpg 300w, https:\/\/www.frankensicht.de\/wp-content\/uploads\/2013\/11\/muelleimer.jpg 640w\" sizes=\"auto, (max-width: 300px) 100vw, 300px\" \/><\/a><\/p>\n<p>Bundesminister Sigmar Gabriel:<br \/>\n&lt;http:\/\/www.bmwi.de\/DE\/Ministerium\/Minister-und-Staatssekretaere\/Visitenkarten\/sigmar-gabriel.html&gt;<br \/>\n&#8222;Karrieren im Dualen Berufsbildungssystem waren selten so aussichtsreich wie<br \/>\nheute. Denn die deutsche Wirtschaft ist auf gut ausgebildete Fachkr\u00e4fte<br \/>\n&lt;http:\/\/www.bmwi.de\/DE\/Themen\/Ausbildung-und-Beruf\/fachkraeftesicherung.html&gt;<br \/>\nangewiesen. Nur durch st\u00e4ndige Anpassung und Erneuerung h\u00e4lt die duale<br \/>\nBerufsausbildung Schritt mit den technischen Entwicklungen der Berufs- und<br \/>\nArbeitswelt. Berufsausbildung kann aber nur deshalb so erfolgreich sein, weil<br \/>\nsich Tag f\u00fcr Tag Tausende Menschen daf\u00fcr engagieren: In den Berufsschulen genauso<br \/>\nwie in den ausbildenden Betrieben gerade des Handwerks<br \/>\n&lt;http:\/\/www.bmwi.de\/DE\/Themen\/Mittelstand\/Mittelstandspolitik\/handwerk.html&gt; und<br \/>\ndes Mittelstands<br \/>\n&lt;http:\/\/www.bmwi.de\/DE\/Themen\/Mittelstand\/mittelstandspolitik.html&gt;. Ihnen m\u00f6chte<br \/>\nich zu Beginn des neuen Ausbildungsjahres ganz herzlich f\u00fcr die fachliche und<br \/>\npers\u00f6nliche F\u00f6rderung der Auszubildenden danken.&#8220;<\/p>\n<p>Das Duale System hat gro\u00dfen Anteil daran, dass Deutschland die geringste<br \/>\nJugendarbeitslosigkeit in der Europ\u00e4ischen Union hat. Es bietet mit 328<br \/>\nAusbildungsberufen allen Jugendlichen ein breites Spektrum an M\u00f6glichkeiten.<br \/>\nDiese Charakteristika des Dualen Systems tragen dazu bei, dass Deutschland um das<br \/>\nDuale System weltweit beneidet wird.<\/p>\n<p>Die Ausbildungs- und Pr\u00fcfungsinhalte folgender Berufe<br \/>\n&lt;http:\/\/www.bmwi.de\/DE\/Themen\/Ausbildung-und-Beruf\/ausbildungsberufe.html&gt; wurden<br \/>\nzukunftsorientiert angepasst:<\/p>\n<p>1. Automatenfachfrau \/ -mann<br \/>\n2. Bergbautechnologe<br \/>\n3. Betonfertigteilbauer<br \/>\n4. Bogenmacher<br \/>\n5. Fachkraft f\u00fcr Lederherstellung und Gerbereitechnik<br \/>\n6. Geigenbauer<br \/>\n7. Gie\u00dfereimechaniker<br \/>\n8. Holzmechaniker<br \/>\n9. Kerzenhersteller und Wachsbildner<br \/>\n10. Musikfachh\u00e4ndler<br \/>\n11. Orthop\u00e4dieschuhmacher<br \/>\n12. Textil- und Moden\u00e4her<br \/>\n13. Textil- und Modeschneider<br \/>\n14. Werksteinhersteller<\/p>\n<p>Au\u00dferdem wurde der neue Ausbildungsberuf Werkfeuerwehrmann erstmals staatlich<br \/>\nanerkannt.<\/p>\n<p>Beispiele zu Neuerungen in den modernisierten Berufen:<\/p>\n<p>Nach sechsj\u00e4hriger Erprobung wird die Ausbildungsordnung f\u00fcr Automatenfachleute<br \/>\nin eine Ausbildungsordnung ohne Befristung umgewandelt. Der neue Beruf<br \/>\nunterscheidet zwischen einer technischen und einer kaufm\u00e4nnischen Fachrichtung.<br \/>\nEr bietet damit sowohl kaufm\u00e4nnisch interessierten wie technisch orientierten<br \/>\njungen Menschen eine Perspektive.<\/p>\n<p>Beim Bergbautechnologen wurde vor allem die Abschlusspr\u00fcfung an neue Technologien<br \/>\nangepasst. Die Pr\u00fcfungsanforderungen differenzieren jetzt klar zwischen den<br \/>\nSpezialkompetenzen f\u00fcr die Tiefbautechnik und die Tiefbohrtechnik. Der Aufwand<br \/>\nf\u00fcr Pr\u00fcfer wurde deutlich reduziert.<\/p>\n<p>In der Gie\u00dfereimechanik wird die bisherige Differenzierung in Fachrichtungen<br \/>\nzuk\u00fcnftig entfallen. Stattdessen gibt es Schwerpunkte nach neuem Zuschnitt, die<br \/>\nzudem einheitlichere Pr\u00fcfungen als bisher erm\u00f6glichen. Dar\u00fcber hinaus wird die<br \/>\nPr\u00fcfung durch neue Pr\u00fcfungsinstrumente &#8211; vor allem durch Einf\u00fchrung des<br \/>\n&#8222;Betrieblichen Auftrags&#8220; &#8211; bez\u00fcglich der Anforderungen an den Beruf optimiert.<br \/>\nDurch st\u00e4rkere Anpassung an verwandte industrielle Metallberufe wird die<br \/>\nM\u00f6glichkeit einer gemeinsamen und damit ortsnahen Beschulung verbessert.<\/p>\n<p>Der Ausbildungsberuf Holzmechaniker wurde um eine dritte Fachrichtung &#8222;Montieren<br \/>\nvon Innenausbauten und Bauelementen&#8220; erweitert, um Unternehmen des Innenausbaus,<br \/>\ninsbesondere des Ladenbaus die M\u00f6glichkeit zu geben, entsprechende Innenausbauten<br \/>\naus einer Hand herzustellen einschlie\u00dflich des Anschlie\u00dfens von Ver- und<br \/>\nEntsorgungsleitungen an vorgefertigte Anschl\u00fcsse.<\/p>\n<p>Beim Ausbildungsberuf Musikfachh\u00e4ndler wurde die seit 2009 erprobte gestreckte<br \/>\nAbschlusspr\u00fcfung nach einer Evaluierung nun inhaltlich unver\u00e4ndert in Dauerrecht<br \/>\n\u00fcberf\u00fchrt.<\/p>\n<p>Im Bereich der Textil- und Modewirtschaft wurde mit dem zweij\u00e4hrigen Textil- und<br \/>\nModen\u00e4her und dem dreij\u00e4hrigen Textil- und Modeschneider ein sogenanntes<br \/>\n&#8222;Anrechnungsmodell&#8220; geschaffen. Da die Inhalte der ersten beiden Jahre der Berufe<br \/>\nidentisch sind, kann nach einer Ausbildung im &#8222;Textil- und Moden\u00e4her&#8220; nach<br \/>\nAbsolvierung des dritten Ausbildungsjahres des &#8222;Textil- und Modeschneiders&#8220; der<br \/>\nAbschluss des letztgenannten Berufes erreicht werden. Dieses Anrechnungsmodell<br \/>\nbietet insbesondere Jugendlichen, die ihre St\u00e4rken eher im Praktischen besitzen,<br \/>\neinen optimalen Einstieg in die Ausbildung und Arbeitswelt.<\/p>\n<p>Mit den Verordnungen zum Geigenbauer, Bogenmacher sowie Kerzenhersteller und<br \/>\nWachsbildner wurden Ausbildungsregelungen traditioneller Handwerke \u00fcberabeitet,<br \/>\num den Betrieben dieser Branchen auch in Zukunft die Ausbildung ihrer Fachkr\u00e4fte<br \/>\nnach modernsten Standards zu sichern. Beim Kerzenhersteller und Wachsbildner<br \/>\n(fr\u00fcher Wachszieher) wurde zudem die Berufsbezeichnung ge\u00e4ndert, um die<br \/>\nSchwerpunkte des Berufes besser darzustellen.<\/p>\n<p>Durch die neuen Regelungen der Berufe &#8222;Betonfertigteilbauer&#8220;,<br \/>\n&#8222;Werksteinhersteller&#8220; (fr\u00fcher: Betonstein- und Terrazzohersteller), &#8222;Fachkraft<br \/>\nf\u00fcr Lederherstellung und Gerbereitechnik&#8220; (fr\u00fcher: Gerber) sowie<br \/>\n&#8222;Orthop\u00e4dieschuhmacher&#8220; wurden teilweise relativ alte Ausbildungsregelungen an<br \/>\nneue Entwicklungen der Branchen und an die Standards von aktuellen<br \/>\nAusbildungsregelungen angepasst. Bei der &#8222;Fachkraft f\u00fcr Lederherstellung und<br \/>\nGerbereitechnik&#8220; und beim &#8222;Orthop\u00e4dieschuhmacher&#8220; wurde zudem die gestreckte<br \/>\nAbschlusspr\u00fcfung eingef\u00fchrt, sodass die Ergebnisse des Teil 1 der Pr\u00fcfung (bisher<br \/>\nZwischenpr\u00fcfung) in das Gesamtergebnis der Pr\u00fcfung einflie\u00dfen.<\/p>\n<p>Quelle:bmwi.bund.de<\/p>\n","protected":false},"excerpt":{"rendered":"<p>Berlin: Gabriel: Deutschland wird weltweit um Duale Berufsausbildung beneidet Neue Ausbildungsordnungen des Bundeswirtschaftsministeriums treten in Kraft Zum Beginn des neuen Ausbildungsjahres starten wieder \u00fcber eine halbe Million junge Menschen eine berufliche Ausbildung &lt;http:\/\/www.bmwi.de\/DE\/Themen\/ausbildung-und-beruf.html&gt;. Damit die duale Ausbildung den sich \u00e4ndernden Anforderungen gerecht werden kann, hat das Bundesministerium f\u00fcr Wirtschaft und Energie gemeinsam mit den Sozialpartnern [&hellip;]<\/p>\n","protected":false},"author":7,"featured_media":6464,"comment_status":"closed","ping_status":"open","sticky":false,"template":"","format":"standard","meta":{"footnotes":""},"categories":[44,3],"tags":[1827],"class_list":["post-8810","post","type-post","status-publish","format-standard","has-post-thumbnail","hentry","category-deutschland-2","category-news","tag-duale-ausbildung"],"_links":{"self":[{"href":"https:\/\/www.frankensicht.de\/index.php?rest_route=\/wp\/v2\/posts\/8810","targetHints":{"allow":["GET"]}}],"collection":[{"href":"https:\/\/www.frankensicht.de\/index.php?rest_route=\/wp\/v2\/posts"}],"about":[{"href":"https:\/\/www.frankensicht.de\/index.php?rest_route=\/wp\/v2\/types\/post"}],"author":[{"embeddable":true,"href":"https:\/\/www.frankensicht.de\/index.php?rest_route=\/wp\/v2\/users\/7"}],"replies":[{"embeddable":true,"href":"https:\/\/www.frankensicht.de\/index.php?rest_route=%2Fwp%2Fv2%2Fcomments&post=8810"}],"version-history":[{"count":0,"href":"https:\/\/www.frankensicht.de\/index.php?rest_route=\/wp\/v2\/posts\/8810\/revisions"}],"wp:featuredmedia":[{"embeddable":true,"href":"https:\/\/www.frankensicht.de\/index.php?rest_route=\/wp\/v2\/media\/6464"}],"wp:attachment":[{"href":"https:\/\/www.frankensicht.de\/index.php?rest_route=%2Fwp%2Fv2%2Fmedia&parent=8810"}],"wp:term":[{"taxonomy":"category","embeddable":true,"href":"https:\/\/www.frankensicht.de\/index.php?rest_route=%2Fwp%2Fv2%2Fcategories&post=8810"},{"taxonomy":"post_tag","embeddable":true,"href":"https:\/\/www.frankensicht.de\/index.php?rest_route=%2Fwp%2Fv2%2Ftags&post=8810"}],"curies":[{"name":"wp","href":"https:\/\/api.w.org\/{rel}","templated":true}]}}