{"id":8773,"date":"2015-07-21T11:04:49","date_gmt":"2015-07-21T09:04:49","guid":{"rendered":"http:\/\/www.frankensicht.de\/?p=8773"},"modified":"2015-07-26T08:19:04","modified_gmt":"2015-07-26T06:19:04","slug":"bayerns-pflegeministerin-neuer-pflegebeduerftigkeitsbegriff-muss-rasch-umgesetzt-werden","status":"publish","type":"post","link":"https:\/\/www.frankensicht.de\/?p=8773","title":{"rendered":"Bayerns Pflegeministerin: Neuer Pflegebed\u00fcrftigkeitsbegriff muss rasch umgesetzt werden"},"content":{"rendered":"<p><span style=\"color: #ff0000;\">M\u00fcnchen:<\/span><\/p>\n<p>Huml will Hilfen f\u00fcr Menschen mit Demenz ausbauen &#8211; Bayerns Pflegeministerin: Neuer Pflegebed\u00fcrftigkeitsbegriff muss rasch umgesetzt werden<\/p>\n<p>Bayerns Gesundheits- und Pflegeministerin Melanie Huml dringt auf eine rasche Umsetzung des neuen Pflegebed\u00fcrftigkeitsbegriffs. Die Ministerin betonte am Dienstag anl\u00e4sslich eines Fach- und Begegnungstags zum Thema Demenz im Kloster Irsee: &#8222;Wir wollen Menschen mit Demenz und ihre Angeh\u00f6rigen durch gezielte Ma\u00dfnahmen unterst\u00fctzen und damit ihre Lebensqualit\u00e4t verbessern. Denn noch immer werden geistige und psychische Beeintr\u00e4chtigungen weniger ber\u00fccksichtigt als k\u00f6rperliche Ursachen von Pflegebed\u00fcrftigkeit. Eine echte Gleichstellung von Menschen mit Demenz steht noch aus. Deshalb muss der neue Pflegebed\u00fcrftigkeitsbegriff noch in dieser Legislaturperiode fl\u00e4chendeckend umgesetzt werden. Ein entsprechender Referentenentwurf ist Ende Juni von der Bundesregierung vorgelegt worden.&#8220;<\/p>\n<p>Huml erg\u00e4nzte: &#8222;Angesichts der Zunahme von Demenzerkrankungen in Deutschland muss gehandelt werden. In Bayern gibt es schon mehr als 200.000 Betroffene. Menschen mit Demenz brauchen eine Betreuung und Pflege, die auf ihre speziellen Bed\u00fcrfnisse zugeschnitten ist.&#8220;<\/p>\n<p><a href=\"https:\/\/www.frankensicht.de\/?attachment_id=1410\" rel=\"attachment wp-att-1410\"><img loading=\"lazy\" decoding=\"async\" class=\"alignnone size-medium wp-image-1410\" src=\"https:\/\/www.frankensicht.de\/wp-content\/uploads\/2012\/05\/paragraf-300x187.jpg\" alt=\"paragraf\" width=\"300\" height=\"187\" srcset=\"https:\/\/www.frankensicht.de\/wp-content\/uploads\/2012\/05\/paragraf-300x187.jpg 300w, https:\/\/www.frankensicht.de\/wp-content\/uploads\/2012\/05\/paragraf.jpg 640w\" sizes=\"auto, (max-width: 300px) 100vw, 300px\" \/><\/a><\/p>\n<p>Die Kontaktstellen der Demenzhilfe Allg\u00e4u unterst\u00fctzen Betroffene und pflegende Angeh\u00f6rige bei allen Fragen rund um das Krankheitsbild Demenz. Im Rahmen des LEADER-Projekts &#8222;Demenzhilfe Allg\u00e4u&#8220; soll in der Region zudem ein Netz aufgebaut werden, das einerseits Betroffenen niedrigschwellige Hilfen und andererseits den engagierten Initiativen und Vereinen eine Plattform zur Vernetzung bietet. Huml unterstrich: &#8222;Das Allg\u00e4u geht hier mit gutem Beispiel voran. Der Landkreis Ostallg\u00e4u ist zudem der einzige Landkreis, der bisher ein regionales Demenzkonzept entwickelt hat.&#8220;<\/p>\n<p>Huml bekr\u00e4ftigte: &#8222;Die alltagsnahe Unterst\u00fctzung von pflegenden Angeh\u00f6rigen ist essentiell f\u00fcr eine gute Versorgung von Demenzkranken. Es freut mich, dass auch der heutige Fach- und Begegnungstag der Demenzhilfe Allg\u00e4u pflegenden Angeh\u00f6rigen und Betroffenen M\u00f6glichkeiten aufzeigt, wie die Situation von Betroffenen verbessert werden kann. Denn wir m\u00fcssen Menschen, die an Demenz erkranken, so annehmen, wie sie sind. Wir m\u00fcssen ihnen mit Verst\u00e4ndnis begegnen und ihre W\u00fcrde in allen Phasen der Erkrankung bewahren.&#8220;<\/p>\n<p>Im Rahmen der Bayerischen Demenzstrategie f\u00f6rdert das Bayerische Gesundheitsministerium bereits eine Vielzahl von Projekten f\u00fcr Betroffene und Angeh\u00f6rige. Huml f\u00fcgte hinzu: &#8222;Ein Ziel der Demenzstrategie ist es, einen Bewusstseinswandel in der \u00d6ffentlichkeit herbeizuf\u00fchren und das Thema aus der Tabuzone zu holen. Ein weiterer Ansatz ist, neue Wohnformen f\u00fcr Menschen mit Demenz zu schaffen und spezielle Betreuungsangebote aufzubauen. So k\u00f6nnen die Betroffenen unterst\u00fctzt und die pflegenden Angeh\u00f6rigen entlastet werden.&#8220;<\/p>\n<p>Der Freistaat f\u00f6rdert mehr als 500 niedrigschwellige Angebote, um die Lebensbedingungen der Betroffenen und ihrer Familien zu verbessern. F\u00fcr die F\u00f6rderung des Auf- und Ausbaus von niedrigschwelligen Betreuungsangeboten sowie f\u00fcr Modellvorhaben zur Erprobung neuer Versorgungskonzepte insbesondere f\u00fcr Demenzkranke stehen j\u00e4hrlich 1,7 Millionen Euro zur Verf\u00fcgung.<\/p>\n<p>Quelle:stmgp.bayern.de<\/p>\n","protected":false},"excerpt":{"rendered":"<p>M\u00fcnchen: Huml will Hilfen f\u00fcr Menschen mit Demenz ausbauen &#8211; Bayerns Pflegeministerin: Neuer Pflegebed\u00fcrftigkeitsbegriff muss rasch umgesetzt werden Bayerns Gesundheits- und Pflegeministerin Melanie Huml dringt auf eine rasche Umsetzung des neuen Pflegebed\u00fcrftigkeitsbegriffs. Die Ministerin betonte am Dienstag anl\u00e4sslich eines Fach- und Begegnungstags zum Thema Demenz im Kloster Irsee: &#8222;Wir wollen Menschen mit Demenz und ihre [&hellip;]<\/p>\n","protected":false},"author":7,"featured_media":1410,"comment_status":"open","ping_status":"closed","sticky":false,"template":"","format":"standard","meta":{"footnotes":""},"categories":[78,71],"tags":[205],"class_list":["post-8773","post","type-post","status-publish","format-standard","has-post-thumbnail","hentry","category-bayern","category-menue","tag-demenz"],"_links":{"self":[{"href":"https:\/\/www.frankensicht.de\/index.php?rest_route=\/wp\/v2\/posts\/8773","targetHints":{"allow":["GET"]}}],"collection":[{"href":"https:\/\/www.frankensicht.de\/index.php?rest_route=\/wp\/v2\/posts"}],"about":[{"href":"https:\/\/www.frankensicht.de\/index.php?rest_route=\/wp\/v2\/types\/post"}],"author":[{"embeddable":true,"href":"https:\/\/www.frankensicht.de\/index.php?rest_route=\/wp\/v2\/users\/7"}],"replies":[{"embeddable":true,"href":"https:\/\/www.frankensicht.de\/index.php?rest_route=%2Fwp%2Fv2%2Fcomments&post=8773"}],"version-history":[{"count":0,"href":"https:\/\/www.frankensicht.de\/index.php?rest_route=\/wp\/v2\/posts\/8773\/revisions"}],"wp:featuredmedia":[{"embeddable":true,"href":"https:\/\/www.frankensicht.de\/index.php?rest_route=\/wp\/v2\/media\/1410"}],"wp:attachment":[{"href":"https:\/\/www.frankensicht.de\/index.php?rest_route=%2Fwp%2Fv2%2Fmedia&parent=8773"}],"wp:term":[{"taxonomy":"category","embeddable":true,"href":"https:\/\/www.frankensicht.de\/index.php?rest_route=%2Fwp%2Fv2%2Fcategories&post=8773"},{"taxonomy":"post_tag","embeddable":true,"href":"https:\/\/www.frankensicht.de\/index.php?rest_route=%2Fwp%2Fv2%2Ftags&post=8773"}],"curies":[{"name":"wp","href":"https:\/\/api.w.org\/{rel}","templated":true}]}}