{"id":876,"date":"2012-04-18T16:15:07","date_gmt":"2012-04-18T14:15:07","guid":{"rendered":"http:\/\/www.frankensicht.de\/?p=876"},"modified":"2012-04-18T21:50:43","modified_gmt":"2012-04-18T19:50:43","slug":"kinder-stiften-zukunft","status":"publish","type":"post","link":"https:\/\/www.frankensicht.de\/?p=876","title":{"rendered":"Kinder stiften Zukunft"},"content":{"rendered":"<p><span style=\"color: #ff0000;\">Erlangen:\u00a0<\/span><\/p>\n<p>\u201eKinder.Stiften.Zukunft\u201c-Kongress in der Georg-Zahn-Schule<br \/>\nGemeinsam mit der Lebenshilfe Erlangen, der BertelsmannStiftung, der Sparkasse Erlangen sowie der Siemens AG veranstaltet die Stadt Erlangen am Samstag, 21. April, in der Georg-Zahn-Schule (Schenkstra\u00dfe 113) den Kongress \u201eKinder.Stiften.Zukunft\u201c. Dabei geht es um das Thema Kinderarmut und M\u00f6glichkeiten dem entgegenzuwirken. Nach der Begr\u00fc\u00dfung durch den Vorstand der Lebenshilfe, Thomas Hofmann, und Brigitte Mohn, Vorstandsmitglied der BertelsmannStiftung, spricht B\u00fcrgermeisterin und Sozialreferentin Elisabeth Preu\u00df zur Kinderarmut in der Hugenottenstadt. Weitere Vortr\u00e4ge und Workshops schlie\u00dfen sich an, bevor gegen 16:30 Uhr Oberb\u00fcrgermeister Siegfried Balleis unter der \u00dcberschrift \u201eWie geht es weiter: Ausblick im Dialog\u201c spricht.<\/p>\n<p>Quelle: stadt.erlangen.de<\/p>\n","protected":false},"excerpt":{"rendered":"<p>Erlangen:\u00a0 \u201eKinder.Stiften.Zukunft\u201c-Kongress in der Georg-Zahn-Schule Gemeinsam mit der Lebenshilfe Erlangen, der BertelsmannStiftung, der Sparkasse Erlangen sowie der Siemens AG veranstaltet die Stadt Erlangen am Samstag, 21. April, in der Georg-Zahn-Schule (Schenkstra\u00dfe 113) den Kongress \u201eKinder.Stiften.Zukunft\u201c. Dabei geht es um das Thema Kinderarmut und M\u00f6glichkeiten dem entgegenzuwirken. Nach der Begr\u00fc\u00dfung durch den Vorstand der Lebenshilfe, Thomas [&hellip;]<\/p>\n","protected":false},"author":7,"featured_media":0,"comment_status":"open","ping_status":"open","sticky":false,"template":"","format":"standard","meta":{"footnotes":""},"categories":[111,71,85],"tags":[176],"class_list":["post-876","post","type-post","status-publish","format-standard","hentry","category-erlangen-mittelfranken","category-menue","category-mittelfranken","tag-kinder"],"_links":{"self":[{"href":"https:\/\/www.frankensicht.de\/index.php?rest_route=\/wp\/v2\/posts\/876","targetHints":{"allow":["GET"]}}],"collection":[{"href":"https:\/\/www.frankensicht.de\/index.php?rest_route=\/wp\/v2\/posts"}],"about":[{"href":"https:\/\/www.frankensicht.de\/index.php?rest_route=\/wp\/v2\/types\/post"}],"author":[{"embeddable":true,"href":"https:\/\/www.frankensicht.de\/index.php?rest_route=\/wp\/v2\/users\/7"}],"replies":[{"embeddable":true,"href":"https:\/\/www.frankensicht.de\/index.php?rest_route=%2Fwp%2Fv2%2Fcomments&post=876"}],"version-history":[{"count":0,"href":"https:\/\/www.frankensicht.de\/index.php?rest_route=\/wp\/v2\/posts\/876\/revisions"}],"wp:attachment":[{"href":"https:\/\/www.frankensicht.de\/index.php?rest_route=%2Fwp%2Fv2%2Fmedia&parent=876"}],"wp:term":[{"taxonomy":"category","embeddable":true,"href":"https:\/\/www.frankensicht.de\/index.php?rest_route=%2Fwp%2Fv2%2Fcategories&post=876"},{"taxonomy":"post_tag","embeddable":true,"href":"https:\/\/www.frankensicht.de\/index.php?rest_route=%2Fwp%2Fv2%2Ftags&post=876"}],"curies":[{"name":"wp","href":"https:\/\/api.w.org\/{rel}","templated":true}]}}