{"id":8749,"date":"2015-07-14T09:08:19","date_gmt":"2015-07-14T07:08:19","guid":{"rendered":"http:\/\/www.frankensicht.de\/?p=8749"},"modified":"2015-07-14T09:08:19","modified_gmt":"2015-07-14T07:08:19","slug":"kinderbetreuung-wird-fuer-eltern-immer-wichtiger","status":"publish","type":"post","link":"https:\/\/www.frankensicht.de\/?p=8749","title":{"rendered":"Kinderbetreuung wird f\u00fcr Eltern immer wichtiger"},"content":{"rendered":"<p><span style=\"color: #ff0000;\">Berlin:<\/span><\/p>\n<p>Kinderbetreuung wird f\u00fcr Eltern immer wichtiger<br \/>\nAm 1. M\u00e4rz 2015 wurden 694 538 Kinder unter drei Jahren betreut, wie das<br \/>\nStatistische Bundesamt heute bekannt gegeben hat. Damit stieg die Zahl der<br \/>\nbetreuten Kinder um weitere 31.800 im Vergleich zum Vorjahr. Dies zeigt, dass der<br \/>\nAusbau voranschreitet aber noch nicht abgeschlossen ist.<\/p>\n<p>&#8222;Eltern w\u00fcnschen sich die bestm\u00f6gliche Betreuung und Bildung f\u00fcr ihre Kinder&#8220;, so<br \/>\nBundesfamilienministerin Schwesig. &#8222;Denn gute fr\u00fchkindliche Bildung und Betreuung<br \/>\nin der Kita ist zentral f\u00fcr die weitere Entwicklung eines Kindes. Gemeinsam mit<br \/>\nL\u00e4ndern, Kommunen und Tr\u00e4gern wollen wir den Ausbau voranbringen und die Qualit\u00e4t<br \/>\nverbessern.&#8220;<\/p>\n<p>Am 6. November 2014 haben die Bundesfamilienministerin und die Fachministerinnen<br \/>\nund Fachminister der L\u00e4nder einen gemeinsamen Qualit\u00e4tsprozess hin zu gemeinsamen<br \/>\nQualit\u00e4tszielen gestartet. Im Herbst 2015 steht die n\u00e4chste Ministerkonferenz<br \/>\ndazu an.<\/p>\n<p><a href=\"https:\/\/www.frankensicht.de\/?attachment_id=8046\" rel=\"attachment wp-att-8046\"><img loading=\"lazy\" decoding=\"async\" class=\"alignnone size-medium wp-image-8046\" src=\"https:\/\/www.frankensicht.de\/wp-content\/uploads\/2015\/01\/schwaene-300x225.jpg\" alt=\"schwaene\" width=\"300\" height=\"225\" srcset=\"https:\/\/www.frankensicht.de\/wp-content\/uploads\/2015\/01\/schwaene-300x225.jpg 300w, https:\/\/www.frankensicht.de\/wp-content\/uploads\/2015\/01\/schwaene.jpg 640w\" sizes=\"auto, (max-width: 300px) 100vw, 300px\" \/><\/a><\/p>\n<p>Mit dem zum 01. Januar 2015 in Kraft getretenen Gesetz zur weiteren Entlastung<br \/>\nvon L\u00e4ndern und Kommunen und zum quantitativen und qualitativen Ausbau der<br \/>\nKindertagesbetreuung hat der Bund ab 2015 das bestehende Sonderverm\u00f6gen<br \/>\n&#8222;Kinderbetreuungsausbau&#8220; um 550 Mio.\u00a0Euro aufgestockt. Zudem werden\u00a0 der<br \/>\nFestbetrag an der Umsatzsteuer f\u00fcr den laufenden Betrieb um zus\u00e4tzliche 100<br \/>\nMio.\u00a0Euro f\u00fcr die Jahre 2017 und 2018 erh\u00f6ht. Geld, das auch f\u00fcr mehr Personal<br \/>\neingesetzt werden kann. Weitere 400\u00a0Millionen Euro werden f\u00fcr die Sprachf\u00f6rderung<br \/>\neingesetzt. Zudem wird es ab dem 1.1.2016 das Programm &#8222;KitaPlus&#8220; mit einem<br \/>\nVolumen von 100 Mio. Euro geben, um den Ausbau von Betreuungsangeboten in<br \/>\nRandzeiten voranzutreiben.<\/p>\n<p>Weitere Informationen finden Sie unter www.fr\u00fche-chancen.de<br \/>\n&lt;http:\/\/www.fr%FChe-chancen.de\/&gt;.<\/p>\n<p>Quelle:bmfsfj.bund.de<\/p>\n","protected":false},"excerpt":{"rendered":"<p>Berlin: Kinderbetreuung wird f\u00fcr Eltern immer wichtiger Am 1. M\u00e4rz 2015 wurden 694 538 Kinder unter drei Jahren betreut, wie das Statistische Bundesamt heute bekannt gegeben hat. Damit stieg die Zahl der betreuten Kinder um weitere 31.800 im Vergleich zum Vorjahr. Dies zeigt, dass der Ausbau voranschreitet aber noch nicht abgeschlossen ist. &#8222;Eltern w\u00fcnschen sich [&hellip;]<\/p>\n","protected":false},"author":7,"featured_media":8046,"comment_status":"closed","ping_status":"open","sticky":false,"template":"","format":"standard","meta":{"footnotes":""},"categories":[44,3],"tags":[247],"class_list":["post-8749","post","type-post","status-publish","format-standard","has-post-thumbnail","hentry","category-deutschland-2","category-news","tag-kinderbetreuung"],"_links":{"self":[{"href":"https:\/\/www.frankensicht.de\/index.php?rest_route=\/wp\/v2\/posts\/8749","targetHints":{"allow":["GET"]}}],"collection":[{"href":"https:\/\/www.frankensicht.de\/index.php?rest_route=\/wp\/v2\/posts"}],"about":[{"href":"https:\/\/www.frankensicht.de\/index.php?rest_route=\/wp\/v2\/types\/post"}],"author":[{"embeddable":true,"href":"https:\/\/www.frankensicht.de\/index.php?rest_route=\/wp\/v2\/users\/7"}],"replies":[{"embeddable":true,"href":"https:\/\/www.frankensicht.de\/index.php?rest_route=%2Fwp%2Fv2%2Fcomments&post=8749"}],"version-history":[{"count":0,"href":"https:\/\/www.frankensicht.de\/index.php?rest_route=\/wp\/v2\/posts\/8749\/revisions"}],"wp:featuredmedia":[{"embeddable":true,"href":"https:\/\/www.frankensicht.de\/index.php?rest_route=\/wp\/v2\/media\/8046"}],"wp:attachment":[{"href":"https:\/\/www.frankensicht.de\/index.php?rest_route=%2Fwp%2Fv2%2Fmedia&parent=8749"}],"wp:term":[{"taxonomy":"category","embeddable":true,"href":"https:\/\/www.frankensicht.de\/index.php?rest_route=%2Fwp%2Fv2%2Fcategories&post=8749"},{"taxonomy":"post_tag","embeddable":true,"href":"https:\/\/www.frankensicht.de\/index.php?rest_route=%2Fwp%2Fv2%2Ftags&post=8749"}],"curies":[{"name":"wp","href":"https:\/\/api.w.org\/{rel}","templated":true}]}}