{"id":8746,"date":"2015-07-13T11:50:18","date_gmt":"2015-07-13T09:50:18","guid":{"rendered":"http:\/\/www.frankensicht.de\/?p=8746"},"modified":"2015-07-13T11:50:18","modified_gmt":"2015-07-13T09:50:18","slug":"vor-fernreisen-medizinische-beratung-einholen","status":"publish","type":"post","link":"https:\/\/www.frankensicht.de\/?p=8746","title":{"rendered":"Vor Fernreisen medizinische Beratung einholen"},"content":{"rendered":"<p><span style=\"color: #ff0000;\">M\u00fcnchen:<\/span><\/p>\n<p>Huml wirbt vor Urlaubssaison f\u00fcr ausreichenden Impfschutz &#8211; Bayerns Gesundheitsministerin: Vor Fernreisen medizinische Beratung einholen<\/p>\n<p>Bayerns Gesundheitsministerin Melanie Huml hat darauf hingewiesen, dass rechtzeitig vor einem Auslandsurlaub auf einen ausreichenden Impfschutz geachtet werden sollte. Huml betonte am Montag: &#8222;Insbesondere bei Fernreisen sind eine sorgf\u00e4ltige Vorbereitung und eine reisemedizinische Beratung notwendig. Auch vor vielen Infektionen k\u00f6nnen sich Urlauber mit einer medikament\u00f6sen Vorsorge oder Impfung sch\u00fctzen.&#8220;<\/p>\n<p><a href=\"https:\/\/www.frankensicht.de\/?attachment_id=8235\" rel=\"attachment wp-att-8235\"><img loading=\"lazy\" decoding=\"async\" class=\"alignnone size-medium wp-image-8235\" src=\"https:\/\/www.frankensicht.de\/wp-content\/uploads\/2015\/02\/bamberg34-300x225.jpg\" alt=\"bamberg34\" width=\"300\" height=\"225\" srcset=\"https:\/\/www.frankensicht.de\/wp-content\/uploads\/2015\/02\/bamberg34-300x225.jpg 300w, https:\/\/www.frankensicht.de\/wp-content\/uploads\/2015\/02\/bamberg34.jpg 640w\" sizes=\"auto, (max-width: 300px) 100vw, 300px\" \/><\/a><\/p>\n<p>Die Ministerin erl\u00e4uterte: &#8222;Je nach Reiseland gelten unterschiedliche Empfehlungen. \u00dcber die empfohlenen Impfungen oder weitere Vorsorgema\u00dfnahmen kann man sich insbesondere bei Fach\u00e4rzten f\u00fcr Reise- und Tropenmedizin, beim Hausarzt, in den Tropeninstituten oder beim Gesundheitsamt beraten lassen. Hier k\u00f6nnen sich Reisende auch \u00fcber weitere Vorsorgema\u00dfnahmen vor einem Urlaub in bestimmten L\u00e4ndern informieren &#8211; beispielsweise \u00fcber den Schutz vor Insektenstichen.&#8220;<\/p>\n<p>Huml erg\u00e4nzte: &#8222;Wer in den Urlaub f\u00e4hrt, sollte zudem eine gut ausgestattete Reiseapotheke dabei haben. Der Umfang kann im Rahmen der reisemedizinischen Beratung angesprochen werden.&#8220;<\/p>\n<p>Insbesondere in tropischen Gebieten stellen Krankheiten, die durch Insekten \u00fcbertragen werden, ein Gesundheitsrisiko dar. So gehen letzte Sch\u00e4tzungen der WHO davon aus, dass weltweit im Jahr 2013 etwa 584.000 Todesf\u00e4lle auf Malaria zur\u00fcckzuf\u00fchren sind, die meisten davon bei Kindern unter f\u00fcnf Jahren in Afrika. Im Jahr 2014 wurden allein in Bayern 227 Malaria-Erkrankungen gemeldet, die vor allem aus Afrika und Asien importiert worden waren. Aber auch im s\u00fcdeurop\u00e4ischen Raum ereigneten sich in den vergangenen Jahren regionale Ausbr\u00fcche von gef\u00e4hrlichen Infektionskrankheiten, die von Insekten \u00fcbertragen werden.<\/p>\n<p>Das Robert Koch-Institut empfiehlt, sich \u00fcber aktuelle gesundheitliche Risiken auf den Internetseiten des Ausw\u00e4rtigen Amtes zu informieren (http:\/\/www.auswaertiges-amt.de\/DE\/Aussenpolitik\/Laender\/Laender_Uebersicht_node.html).<\/p>\n<p>Quelle: stmgp.bayern.de<\/p>\n","protected":false},"excerpt":{"rendered":"<p>M\u00fcnchen: Huml wirbt vor Urlaubssaison f\u00fcr ausreichenden Impfschutz &#8211; Bayerns Gesundheitsministerin: Vor Fernreisen medizinische Beratung einholen Bayerns Gesundheitsministerin Melanie Huml hat darauf hingewiesen, dass rechtzeitig vor einem Auslandsurlaub auf einen ausreichenden Impfschutz geachtet werden sollte. Huml betonte am Montag: &#8222;Insbesondere bei Fernreisen sind eine sorgf\u00e4ltige Vorbereitung und eine reisemedizinische Beratung notwendig. Auch vor vielen Infektionen [&hellip;]<\/p>\n","protected":false},"author":7,"featured_media":8231,"comment_status":"closed","ping_status":"open","sticky":false,"template":"","format":"standard","meta":{"footnotes":""},"categories":[78,71,19],"tags":[1814],"class_list":["post-8746","post","type-post","status-publish","format-standard","has-post-thumbnail","hentry","category-bayern","category-menue","category-reise","tag-impfschutz"],"_links":{"self":[{"href":"https:\/\/www.frankensicht.de\/index.php?rest_route=\/wp\/v2\/posts\/8746","targetHints":{"allow":["GET"]}}],"collection":[{"href":"https:\/\/www.frankensicht.de\/index.php?rest_route=\/wp\/v2\/posts"}],"about":[{"href":"https:\/\/www.frankensicht.de\/index.php?rest_route=\/wp\/v2\/types\/post"}],"author":[{"embeddable":true,"href":"https:\/\/www.frankensicht.de\/index.php?rest_route=\/wp\/v2\/users\/7"}],"replies":[{"embeddable":true,"href":"https:\/\/www.frankensicht.de\/index.php?rest_route=%2Fwp%2Fv2%2Fcomments&post=8746"}],"version-history":[{"count":0,"href":"https:\/\/www.frankensicht.de\/index.php?rest_route=\/wp\/v2\/posts\/8746\/revisions"}],"wp:featuredmedia":[{"embeddable":true,"href":"https:\/\/www.frankensicht.de\/index.php?rest_route=\/wp\/v2\/media\/8231"}],"wp:attachment":[{"href":"https:\/\/www.frankensicht.de\/index.php?rest_route=%2Fwp%2Fv2%2Fmedia&parent=8746"}],"wp:term":[{"taxonomy":"category","embeddable":true,"href":"https:\/\/www.frankensicht.de\/index.php?rest_route=%2Fwp%2Fv2%2Fcategories&post=8746"},{"taxonomy":"post_tag","embeddable":true,"href":"https:\/\/www.frankensicht.de\/index.php?rest_route=%2Fwp%2Fv2%2Ftags&post=8746"}],"curies":[{"name":"wp","href":"https:\/\/api.w.org\/{rel}","templated":true}]}}