{"id":8733,"date":"2015-07-10T08:35:38","date_gmt":"2015-07-10T06:35:38","guid":{"rendered":"http:\/\/www.frankensicht.de\/?p=8733"},"modified":"2015-07-10T08:35:38","modified_gmt":"2015-07-10T06:35:38","slug":"reform-des-emissionshandels-schafft-planungssicherheit-und-effizienten-klimaschu","status":"publish","type":"post","link":"https:\/\/www.frankensicht.de\/?p=8733","title":{"rendered":"Reform des Emissionshandels schafft Planungssicherheit und effizienten Klimaschu"},"content":{"rendered":"<p><span style=\"color: #ff0000;\">Berlin:<\/span><\/p>\n<p>Klimaschutz\/Emissionshandel<br \/>\nHendricks: Reform des Emissionshandels schafft Planungssicherheit und<br \/>\neffizienten Klimaschutz<\/p>\n<p>Acht EU-Mitgliedstaaten setzen sich f\u00fcr eine z\u00fcgige und umfassende<br \/>\n\u00dcberarbeitung der Emissionshandels-Richtlinie ein. Heute<br \/>\nver\u00f6ffentlichten die Mitglieder der sogenannten \u201eGreen Growth Group\u201c<br \/>\nein gemeinsames Schreiben an die EU-Kommission.<\/p>\n<p><a href=\"https:\/\/www.frankensicht.de\/?attachment_id=1993\" rel=\"attachment wp-att-1993\"><img loading=\"lazy\" decoding=\"async\" class=\"alignnone size-full wp-image-1993\" src=\"https:\/\/www.frankensicht.de\/wp-content\/uploads\/2012\/05\/tonne.jpg\" alt=\"tonne\" width=\"166\" height=\"294\" \/><\/a><\/p>\n<p>Bundesumweltministerin Barbara Hendricks: \u201eDie Einf\u00fchrung der<br \/>\nMarkstabilit\u00e4tsreserve war ein erster wichtiger Schritt zu einer<br \/>\nwirksamen Reform des Emissionshandels. Darauf aufbauend steht nun die<br \/>\n\u00dcberarbeitung der Emissionshandels-Richtlinie f\u00fcr die Zeit bis 2030 an.<br \/>\nWir brauchen ein System, das wirksame Anreize f\u00fcr Klimaschutz setzt,<br \/>\ndamit wir unsere Klimaziele m\u00f6glichst effizient erreichen. Und wir<br \/>\nbrauchen fr\u00fchzeitig Planungssicherheit, damit Unternehmen die richtigen<br \/>\nInvestitionsentscheidungen treffen k\u00f6nnen.\u201c<\/p>\n<p>Die Ministerinnen und Minister betonen in ihrem Statement, es m\u00fcsse eine<br \/>\nangemessene Balance geben zwischen einem ambitionierten Klimaschutz und<br \/>\nden Wettbewerbs-Anliegen der europ\u00e4ischen Industrie. Daf\u00fcr ist es aus<br \/>\nSicht der Unterzeichner wichtig, gezielt diejenigen Sektoren zu<br \/>\nunterst\u00fctzen, bei denen ein erhebliches Risiko besteht, dass Unternehmen<br \/>\nihre Produktion in andere L\u00e4nder verlagern und dort kostenlos CO2<br \/>\naussto\u00dfen. N\u00f6tig sei eine umfassende Reform, die Planungssicherheit f\u00fcr<br \/>\nUnternehmen und Investoren schaffe.<\/p>\n<p>Die Staats- und Regierungschefs der EU hatten im Oktober 2014<br \/>\nKlimaschutzziele f\u00fcr 2030 beschlossen, auch mit Blick auf den<br \/>\nEmissionshandel. Diese Beschl\u00fcsse m\u00fcssen nun umgesetzt werden. Es wird<br \/>\nerwartet, dass die Kommission ihren Reform-Entwurf in K\u00fcrze vorlegt.<\/p>\n<p>Die Unterzeichner geh\u00f6ren der \u201eGruppe f\u00fcr Gr\u00fcnes Wachstum (Green<br \/>\nGrowth Group) an, die sich f\u00fcr eine ambitionierte Klima- und<br \/>\nEnergiepolitik in der EU engagiert. Neben Ministerin Hendricks haben auch<br \/>\nMinisterinnen und Minister aus Estland, Gro\u00dfbritannien, Italien, den<br \/>\nNiederlanden, Portugal, Slowenien und Spanien sowie Norwegen als<br \/>\nBeobachter unterzeichnet.<\/p>\n<p>Das Statement (englisch) finden Sie unter: www.bmub.bund.de\/N52034<\/p>\n<p>&nbsp;<\/p>\n<p>Quelle: bmub.bund.de<\/p>\n","protected":false},"excerpt":{"rendered":"<p>Berlin: Klimaschutz\/Emissionshandel Hendricks: Reform des Emissionshandels schafft Planungssicherheit und effizienten Klimaschutz Acht EU-Mitgliedstaaten setzen sich f\u00fcr eine z\u00fcgige und umfassende \u00dcberarbeitung der Emissionshandels-Richtlinie ein. Heute ver\u00f6ffentlichten die Mitglieder der sogenannten \u201eGreen Growth Group\u201c ein gemeinsames Schreiben an die EU-Kommission. Bundesumweltministerin Barbara Hendricks: \u201eDie Einf\u00fchrung der Markstabilit\u00e4tsreserve war ein erster wichtiger Schritt zu einer wirksamen Reform [&hellip;]<\/p>\n","protected":false},"author":7,"featured_media":1993,"comment_status":"closed","ping_status":"open","sticky":false,"template":"","format":"standard","meta":{"footnotes":""},"categories":[44,3],"tags":[238],"class_list":["post-8733","post","type-post","status-publish","format-standard","has-post-thumbnail","hentry","category-deutschland-2","category-news","tag-klimaschutz"],"_links":{"self":[{"href":"https:\/\/www.frankensicht.de\/index.php?rest_route=\/wp\/v2\/posts\/8733","targetHints":{"allow":["GET"]}}],"collection":[{"href":"https:\/\/www.frankensicht.de\/index.php?rest_route=\/wp\/v2\/posts"}],"about":[{"href":"https:\/\/www.frankensicht.de\/index.php?rest_route=\/wp\/v2\/types\/post"}],"author":[{"embeddable":true,"href":"https:\/\/www.frankensicht.de\/index.php?rest_route=\/wp\/v2\/users\/7"}],"replies":[{"embeddable":true,"href":"https:\/\/www.frankensicht.de\/index.php?rest_route=%2Fwp%2Fv2%2Fcomments&post=8733"}],"version-history":[{"count":0,"href":"https:\/\/www.frankensicht.de\/index.php?rest_route=\/wp\/v2\/posts\/8733\/revisions"}],"wp:featuredmedia":[{"embeddable":true,"href":"https:\/\/www.frankensicht.de\/index.php?rest_route=\/wp\/v2\/media\/1993"}],"wp:attachment":[{"href":"https:\/\/www.frankensicht.de\/index.php?rest_route=%2Fwp%2Fv2%2Fmedia&parent=8733"}],"wp:term":[{"taxonomy":"category","embeddable":true,"href":"https:\/\/www.frankensicht.de\/index.php?rest_route=%2Fwp%2Fv2%2Fcategories&post=8733"},{"taxonomy":"post_tag","embeddable":true,"href":"https:\/\/www.frankensicht.de\/index.php?rest_route=%2Fwp%2Fv2%2Ftags&post=8733"}],"curies":[{"name":"wp","href":"https:\/\/api.w.org\/{rel}","templated":true}]}}