{"id":8719,"date":"2015-07-06T09:31:24","date_gmt":"2015-07-06T07:31:24","guid":{"rendered":"http:\/\/www.frankensicht.de\/?p=8719"},"modified":"2015-07-06T09:31:24","modified_gmt":"2015-07-06T07:31:24","slug":"entwicklung-des-auftragseingangs-im-verarbeitenden-gewerbe-im-berichtsmonat-mai-2015","status":"publish","type":"post","link":"https:\/\/www.frankensicht.de\/?p=8719","title":{"rendered":"Entwicklung des Auftragseingangs im Verarbeitenden Gewerbe im Berichtsmonat Mai 2015"},"content":{"rendered":"<p><span style=\"color: #ff0000;\">Berlin:<\/span><\/p>\n<p>Entwicklung des Auftragseingangs im Verarbeitenden Gewerbe im Berichtsmonat Mai<br \/>\n2015<\/p>\n<p>Nach Angaben des Statistischen Bundesamtes [1] sind die Auftragseing\u00e4nge im<br \/>\nVerarbeitenden Gewerbe<br \/>\n&lt;http:\/\/www.bmwi.de\/DE\/Themen\/Industrie\/statistische-daten.html&gt; im April preis-,<br \/>\nsaison- und arbeitst\u00e4glich bereinigt [2] gegen\u00fcber dem Vormonat leicht um 0,2\u00a0%<br \/>\ngesunken. Das Ergebnis des Vormonats war aufgrund von Nachmeldungen deutlich<br \/>\naufw\u00e4rts korrigiert worden (+0,9 Indexpunkte). Das Volumen an Gro\u00dfauftr\u00e4gen fiel<br \/>\nf\u00fcr einen Mai stark unterdurchschnittlich aus. W\u00e4hrend die Bestellungen von<br \/>\nVorleistungsg\u00fctern um 1,3\u00a0% zunahmen, gingen f\u00fcr Investitionsg\u00fcter 0,8\u00a0% und f\u00fcr<br \/>\nKonsumg\u00fcter 1,2\u00a0% weniger Bestellungen ein als im Vormonat. Leichte positive<br \/>\nImpulse kamen aus dem Ausland (+0,2\u00a0%). Die Auftr\u00e4ge aus dem Inland nahmen um<br \/>\n0,6\u00a0% ab.<\/p>\n<p><a href=\"https:\/\/www.frankensicht.de\/?attachment_id=1513\" rel=\"attachment wp-att-1513\"><img loading=\"lazy\" decoding=\"async\" class=\"alignnone size-medium wp-image-1513\" src=\"https:\/\/www.frankensicht.de\/wp-content\/uploads\/2012\/05\/statistik-300x223.jpg\" alt=\"statistik\" width=\"300\" height=\"223\" srcset=\"https:\/\/www.frankensicht.de\/wp-content\/uploads\/2012\/05\/statistik-300x223.jpg 300w, https:\/\/www.frankensicht.de\/wp-content\/uploads\/2012\/05\/statistik.jpeg 370w\" sizes=\"auto, (max-width: 300px) 100vw, 300px\" \/><\/a><\/p>\n<p>Die Auftragseing\u00e4nge lagen im aussagekr\u00e4ftigeren Zweimonatsvergleich April\/Mai um<br \/>\n2,7\u00a0% \u00fcber dem Februar\/M\u00e4rz und 2,5\u00a0% \u00fcber dem durchschnittlichen Niveau des<br \/>\nersten Quartals.<\/p>\n<p>Die Bestellungen in der Industrie sind im Fr\u00fchjahr deutlich aufw\u00e4rtsgerichtet.<br \/>\nDies gilt insbesondere f\u00fcr die Auftragseing\u00e4nge aus dem Ausland. Die<br \/>\nIndustriekonjunktur in Deutschland nimmt etwas Fahrt auf.<\/p>\n<p>&#8212;&#8212;&#8212;&#8212;&#8212;&#8212;&#8212;&#8212;&#8212;&#8212;&#8212;&#8212;&#8211;<\/p>\n<p>[1] Pressemitteilung des Statistischen Bundesamtes vom 6. Juli 2015.<br \/>\n[2] Vorl\u00e4ufige Angaben; Saisonbereinigungsverfahren Census X-12-ARIMA.<\/p>\n<p>Downloads<\/p>\n<p>2015\/05 &#8211; Auftragseingang im Verarbeitenden Gewerbe<br \/>\nBerichtsmonat Mai 2015<br \/>\nPDF:\u00a0 150 KB<br \/>\n&lt;http:\/\/www.bmwi.de\/BMWi\/Redaktion\/PDF\/P-R\/auftragseingang-im-verarbeitenden-gewerbe-im-mai-2015,property=pdf,bereich=bmwi,sprache=de,rwb=true.pdf&gt;<\/p>\n<p>Quelle:bmwi.bund.de<\/p>\n","protected":false},"excerpt":{"rendered":"<p>Berlin: Entwicklung des Auftragseingangs im Verarbeitenden Gewerbe im Berichtsmonat Mai 2015 Nach Angaben des Statistischen Bundesamtes [1] sind die Auftragseing\u00e4nge im Verarbeitenden Gewerbe &lt;http:\/\/www.bmwi.de\/DE\/Themen\/Industrie\/statistische-daten.html&gt; im April preis-, saison- und arbeitst\u00e4glich bereinigt [2] gegen\u00fcber dem Vormonat leicht um 0,2\u00a0% gesunken. Das Ergebnis des Vormonats war aufgrund von Nachmeldungen deutlich aufw\u00e4rts korrigiert worden (+0,9 Indexpunkte). Das Volumen [&hellip;]<\/p>\n","protected":false},"author":7,"featured_media":1513,"comment_status":"closed","ping_status":"open","sticky":false,"template":"","format":"standard","meta":{"footnotes":""},"categories":[44,3,16],"tags":[1809],"class_list":["post-8719","post","type-post","status-publish","format-standard","has-post-thumbnail","hentry","category-deutschland-2","category-news","category-wirtschaft","tag-mai-verarbeitendes-gewerbe"],"_links":{"self":[{"href":"https:\/\/www.frankensicht.de\/index.php?rest_route=\/wp\/v2\/posts\/8719","targetHints":{"allow":["GET"]}}],"collection":[{"href":"https:\/\/www.frankensicht.de\/index.php?rest_route=\/wp\/v2\/posts"}],"about":[{"href":"https:\/\/www.frankensicht.de\/index.php?rest_route=\/wp\/v2\/types\/post"}],"author":[{"embeddable":true,"href":"https:\/\/www.frankensicht.de\/index.php?rest_route=\/wp\/v2\/users\/7"}],"replies":[{"embeddable":true,"href":"https:\/\/www.frankensicht.de\/index.php?rest_route=%2Fwp%2Fv2%2Fcomments&post=8719"}],"version-history":[{"count":0,"href":"https:\/\/www.frankensicht.de\/index.php?rest_route=\/wp\/v2\/posts\/8719\/revisions"}],"wp:featuredmedia":[{"embeddable":true,"href":"https:\/\/www.frankensicht.de\/index.php?rest_route=\/wp\/v2\/media\/1513"}],"wp:attachment":[{"href":"https:\/\/www.frankensicht.de\/index.php?rest_route=%2Fwp%2Fv2%2Fmedia&parent=8719"}],"wp:term":[{"taxonomy":"category","embeddable":true,"href":"https:\/\/www.frankensicht.de\/index.php?rest_route=%2Fwp%2Fv2%2Fcategories&post=8719"},{"taxonomy":"post_tag","embeddable":true,"href":"https:\/\/www.frankensicht.de\/index.php?rest_route=%2Fwp%2Fv2%2Ftags&post=8719"}],"curies":[{"name":"wp","href":"https:\/\/api.w.org\/{rel}","templated":true}]}}