{"id":8702,"date":"2015-07-01T10:49:18","date_gmt":"2015-07-01T08:49:18","guid":{"rendered":"http:\/\/www.frankensicht.de\/?p=8702"},"modified":"2015-07-01T10:49:18","modified_gmt":"2015-07-01T08:49:18","slug":"bayerische-medizintechnik-ist-weltweit-fuehrend","status":"publish","type":"post","link":"https:\/\/www.frankensicht.de\/?p=8702","title":{"rendered":"Bayerische Medizintechnik ist weltweit f\u00fchrend"},"content":{"rendered":"<p><span style=\"color: #ff0000;\">M\u00fcnchen:<\/span><\/p>\n<p>Huml: Bayerische Medizintechnik ist weltweit f\u00fchrend &#8211; Gru\u00dfwort der Gesundheitsministerin zur Fachtagung Medizintechnik Oberfranken<\/p>\n<p>Bayerns Gesundheitsministerin Melanie Huml hat die Erfolge der Medizintechnikbranche im Freistaat gew\u00fcrdigt. Huml unterstrich am Mittwoch in einem schriftlichen Gru\u00dfwort zur Fachtagung Medizintechnik Oberfranken: &#8222;Die Medizintechnikbranche in Bayern liefert forschungsstarke Innovationen und pers\u00f6nliche Dienstleistungen &#8211; und das ganz nah am Menschen. Bayerische Medizintechnologie ist auf den Weltm\u00e4rkten f\u00fchrend.&#8220;<\/p>\n<p>Die Ministerin f\u00fcgte hinzu: &#8222;Auch in der Forschung stehen wir international an der Spitze! Allein zwei Drittel der elektromedizinischen Ger\u00e4te Deutschlands werden in Bayern hergestellt. 30 Prozent der gesamten Medizintechnik kommt aus unserer Heimat. Diese Position wollen wir &#8211; gemeinsam mit allen Akteuren &#8211; in Zukunft weiter ausbauen.&#8220;<\/p>\n<p>Huml erg\u00e4nzte: &#8222;Die Gesundheitswirtschaft ist in Bayern die gr\u00f6\u00dfte Branche. Mit j\u00e4hrlichen Zuwachsraten von drei bis f\u00fcnf Prozent ist sie ein bedeutender \u00f6konomischer Motor unseres Landes. In den letzten Jahren sind in diesem Bereich 85.000 neue Arbeitspl\u00e4tze entstanden. Insgesamt sind fast 900.000 Menschen in Bayern in der Gesundheitswirtschaft besch\u00e4ftigt.&#8220;<\/p>\n<p><a href=\"https:\/\/www.frankensicht.de\/?attachment_id=3481\" rel=\"attachment wp-att-3481\"><img loading=\"lazy\" decoding=\"async\" class=\"alignnone size-medium wp-image-3481\" src=\"https:\/\/www.frankensicht.de\/wp-content\/uploads\/2012\/07\/computer-300x225.jpg\" alt=\"computer\" width=\"300\" height=\"225\" srcset=\"https:\/\/www.frankensicht.de\/wp-content\/uploads\/2012\/07\/computer-300x225.jpg 300w, https:\/\/www.frankensicht.de\/wp-content\/uploads\/2012\/07\/computer.jpg 500w\" sizes=\"auto, (max-width: 300px) 100vw, 300px\" \/><\/a><\/p>\n<p>Die Fachtagung Medizintechnik Oberfranken findet in diesem Jahr erstmals in Bamberg statt. Neben Fachvortr\u00e4gen von Vertretern aus Wissenschaft und Industrie dient die Veranstaltung als Plattform zum Informationsaustausch und zur Vernetzung. Auf der Tagung wird au\u00dferdem der &#8222;Innovation-Award 2015&#8220; verliehen.<\/p>\n<p>Huml unterstrich: &#8222;Als Bayerische Gesundheitsministerin freut es mich sehr, die Teilnehmer der Fachtagung Medizintechnik dieses Jahr in meiner Heimatstadt Bamberg willkommen zu hei\u00dfen. Gerne habe ich auch wieder die Schirmherrschaft \u00fcbernommen. Ein Highlight der Veranstaltung ist die Verleihung des &#8218;Innovation Award&#8216; f\u00fcr die innovativste Produktidee, das innovativste Produkt und den besten Zulieferer oder Dienstleister in der Medizintechnik. Die Preistr\u00e4ger sorgen mit ihren Ideen und Produkten daf\u00fcr, dass unsere Technik auch im globalen Wettbewerb weiterhin erfolgreich bleibt.&#8220;<\/p>\n<p>Die Veranstaltung wird von dem Erlanger Unternehmen senetics sowie den Netzwerken NeZuMed und CarboMedTech organisiert. Unterst\u00fctzt wird die Fachtagung durch die Wirtschaftsf\u00f6rderung der Stadt und des Landkreises Bamberg, die Gesundheitsregion Bamberg e.V. sowie durch die IHK Oberfranken.<\/p>\n<p>Quelle:stmgp.bayern.de<\/p>\n","protected":false},"excerpt":{"rendered":"<p>M\u00fcnchen: Huml: Bayerische Medizintechnik ist weltweit f\u00fchrend &#8211; Gru\u00dfwort der Gesundheitsministerin zur Fachtagung Medizintechnik Oberfranken Bayerns Gesundheitsministerin Melanie Huml hat die Erfolge der Medizintechnikbranche im Freistaat gew\u00fcrdigt. Huml unterstrich am Mittwoch in einem schriftlichen Gru\u00dfwort zur Fachtagung Medizintechnik Oberfranken: &#8222;Die Medizintechnikbranche in Bayern liefert forschungsstarke Innovationen und pers\u00f6nliche Dienstleistungen &#8211; und das ganz nah am [&hellip;]<\/p>\n","protected":false},"author":7,"featured_media":3481,"comment_status":"closed","ping_status":"open","sticky":false,"template":"","format":"standard","meta":{"footnotes":""},"categories":[78,71],"tags":[1120],"class_list":["post-8702","post","type-post","status-publish","format-standard","has-post-thumbnail","hentry","category-bayern","category-menue","tag-medizintechnik"],"_links":{"self":[{"href":"https:\/\/www.frankensicht.de\/index.php?rest_route=\/wp\/v2\/posts\/8702","targetHints":{"allow":["GET"]}}],"collection":[{"href":"https:\/\/www.frankensicht.de\/index.php?rest_route=\/wp\/v2\/posts"}],"about":[{"href":"https:\/\/www.frankensicht.de\/index.php?rest_route=\/wp\/v2\/types\/post"}],"author":[{"embeddable":true,"href":"https:\/\/www.frankensicht.de\/index.php?rest_route=\/wp\/v2\/users\/7"}],"replies":[{"embeddable":true,"href":"https:\/\/www.frankensicht.de\/index.php?rest_route=%2Fwp%2Fv2%2Fcomments&post=8702"}],"version-history":[{"count":0,"href":"https:\/\/www.frankensicht.de\/index.php?rest_route=\/wp\/v2\/posts\/8702\/revisions"}],"wp:featuredmedia":[{"embeddable":true,"href":"https:\/\/www.frankensicht.de\/index.php?rest_route=\/wp\/v2\/media\/3481"}],"wp:attachment":[{"href":"https:\/\/www.frankensicht.de\/index.php?rest_route=%2Fwp%2Fv2%2Fmedia&parent=8702"}],"wp:term":[{"taxonomy":"category","embeddable":true,"href":"https:\/\/www.frankensicht.de\/index.php?rest_route=%2Fwp%2Fv2%2Fcategories&post=8702"},{"taxonomy":"post_tag","embeddable":true,"href":"https:\/\/www.frankensicht.de\/index.php?rest_route=%2Fwp%2Fv2%2Ftags&post=8702"}],"curies":[{"name":"wp","href":"https:\/\/api.w.org\/{rel}","templated":true}]}}