{"id":8699,"date":"2015-06-30T10:24:16","date_gmt":"2015-06-30T08:24:16","guid":{"rendered":"http:\/\/www.frankensicht.de\/?p=8699"},"modified":"2015-06-30T10:24:16","modified_gmt":"2015-06-30T08:24:16","slug":"bayerns-gesundheitsministerin-foerdert-spezialisierte-ambulante-palliativ-teams-in-coburg-und-bad-toelz","status":"publish","type":"post","link":"https:\/\/www.frankensicht.de\/?p=8699","title":{"rendered":"Bayerns Gesundheitsministerin f\u00f6rdert spezialisierte ambulante Palliativ-Teams in Coburg und Bad T\u00f6lz"},"content":{"rendered":"<p><span style=\"color: #ff0000;\">M\u00fcnchen &#8211; Bad T\u00f6lz &#8211; Coburg:<\/span><\/p>\n<p>Huml unterst\u00fctzt Versorgung Schwerstkranker &#8211; Bayerns Gesundheitsministerin f\u00f6rdert spezialisierte ambulante Palliativ-Teams in Coburg und Bad T\u00f6lz<\/p>\n<p>Bayerns Gesundheits- und Pflegeministerin Melanie Huml unterst\u00fctzt verst\u00e4rkt die ambulante Versorgung schwerstkranker Menschen im Freistaat. So erhielt jetzt ein neues Team f\u00fcr spezialisierte ambulante Palliativversorgung (SAPV) am Klinikum Coburg einen F\u00f6rderbescheid in H\u00f6he von 15.000 Euro. Einen F\u00f6rderbescheid in dieser H\u00f6he schickte das Ministerium zudem an die Oberland Hospiz- und Palliativversorgung (OPAL) im oberbayerischen Bad T\u00f6lz.<\/p>\n<p>Huml betonte am Dienstag in M\u00fcnchen: &#8222;Das Coburger SAPV-Team nimmt am 1. Juli seine Arbeit auf. Dadurch wird der Ausbau der palliativmedizinischen Versorgung schwerstkranker Patienten in Oberfranken weiter vorangebracht. Ein umfassendes palliativmedizinisches Betreuungsangebot und eine einf\u00fchlsame Sterbebegleitung sind von gro\u00dfer Bedeutung f\u00fcr die Betroffenen und ihre Familien.&#8220;<\/p>\n<p>Das SAPV-Team in Bad T\u00f6lz ist bereits seit einigen Wochen im Einsatz. Es k\u00fcmmert sich um die W\u00fcnsche von Patienten und Angeh\u00f6rigen im gesamten Gebiet der beiden Landkreise Bad T\u00f6lz-Wolfratshausen und Miesbach. In beiden Teams arbeiten besonders qualifizierte \u00c4rzte, geschulte Pflegekr\u00e4fte und weitere Fachkr\u00e4fte aus der jeweiligen Region.<\/p>\n<p><a href=\"https:\/\/www.frankensicht.de\/?attachment_id=4951\" rel=\"attachment wp-att-4951\"><img loading=\"lazy\" decoding=\"async\" class=\"alignnone size-medium wp-image-4951\" src=\"https:\/\/www.frankensicht.de\/wp-content\/uploads\/2013\/01\/krankenhaus-300x187.jpg\" alt=\"krankenhaus\" width=\"300\" height=\"187\" srcset=\"https:\/\/www.frankensicht.de\/wp-content\/uploads\/2013\/01\/krankenhaus-300x187.jpg 300w, https:\/\/www.frankensicht.de\/wp-content\/uploads\/2013\/01\/krankenhaus.jpg 640w\" sizes=\"auto, (max-width: 300px) 100vw, 300px\" \/><\/a><\/p>\n<p>Huml unterstrich: &#8222;Wir wollen den Patienten den Verbleib in ihrer vertrauten Umgebung bis zuletzt erm\u00f6glichen. Dabei ist eine ambulante Betreuung besonders wichtig.&#8220; Die Ministerin f\u00fcgte hinzu: &#8222;Schwerstkranke und Sterbende brauchen mehr als eine medizinische Versorgung: Sie brauchen auch F\u00fcrsorge, Begleitung und menschliche N\u00e4he auf ihrem letzten Weg.&#8220;<\/p>\n<p>Mit dem 2011 ver\u00f6ffentlichten Rahmenkonzept zur Hospiz- und Palliativversorgung in Bayern treibt das Bayerische Gesundheitsministerium eine umfassende und qualitativ hochwertige Begleitung von Schwerstkranken und Sterbenden durch Palliativmedizin und Hospizarbeit voran. Ein wichtiger Bestandteil des Konzepts ist die spezialisierte ambulante Palliativversorgung. Das Gesundheitsministerium f\u00f6rdert die Aufbauphase von SAPV-Teams mit jeweils bis zu 15.000 Euro.<\/p>\n<p>Mittlerweile sind in ganz Bayern 35 Teams f\u00fcr Erwachsene t\u00e4tig &#8211; davon 17 im l\u00e4ndlichen Raum sowie 4 Teams f\u00fcr Kinder- und Jugendliche. Im Jahr 2015 stellt der Freistaat insgesamt 100.000 Euro f\u00fcr die Anschubfinanzierung bereit.<\/p>\n<p>Mehr Informationen finden Sie im Internet:<br \/>\nhttp:\/\/www.stmgp.bayern.de\/palliativmedizin\/spez_ambulant.htm<\/p>\n<p>Quelle: stmgp.bayern.de<\/p>\n","protected":false},"excerpt":{"rendered":"<p>M\u00fcnchen &#8211; Bad T\u00f6lz &#8211; Coburg: Huml unterst\u00fctzt Versorgung Schwerstkranker &#8211; Bayerns Gesundheitsministerin f\u00f6rdert spezialisierte ambulante Palliativ-Teams in Coburg und Bad T\u00f6lz Bayerns Gesundheits- und Pflegeministerin Melanie Huml unterst\u00fctzt verst\u00e4rkt die ambulante Versorgung schwerstkranker Menschen im Freistaat. So erhielt jetzt ein neues Team f\u00fcr spezialisierte ambulante Palliativversorgung (SAPV) am Klinikum Coburg einen F\u00f6rderbescheid in H\u00f6he [&hellip;]<\/p>\n","protected":false},"author":7,"featured_media":4951,"comment_status":"closed","ping_status":"open","sticky":false,"template":"","format":"standard","meta":{"footnotes":""},"categories":[78,71],"tags":[405],"class_list":["post-8699","post","type-post","status-publish","format-standard","has-post-thumbnail","hentry","category-bayern","category-menue","tag-palliativmedizin"],"_links":{"self":[{"href":"https:\/\/www.frankensicht.de\/index.php?rest_route=\/wp\/v2\/posts\/8699","targetHints":{"allow":["GET"]}}],"collection":[{"href":"https:\/\/www.frankensicht.de\/index.php?rest_route=\/wp\/v2\/posts"}],"about":[{"href":"https:\/\/www.frankensicht.de\/index.php?rest_route=\/wp\/v2\/types\/post"}],"author":[{"embeddable":true,"href":"https:\/\/www.frankensicht.de\/index.php?rest_route=\/wp\/v2\/users\/7"}],"replies":[{"embeddable":true,"href":"https:\/\/www.frankensicht.de\/index.php?rest_route=%2Fwp%2Fv2%2Fcomments&post=8699"}],"version-history":[{"count":0,"href":"https:\/\/www.frankensicht.de\/index.php?rest_route=\/wp\/v2\/posts\/8699\/revisions"}],"wp:featuredmedia":[{"embeddable":true,"href":"https:\/\/www.frankensicht.de\/index.php?rest_route=\/wp\/v2\/media\/4951"}],"wp:attachment":[{"href":"https:\/\/www.frankensicht.de\/index.php?rest_route=%2Fwp%2Fv2%2Fmedia&parent=8699"}],"wp:term":[{"taxonomy":"category","embeddable":true,"href":"https:\/\/www.frankensicht.de\/index.php?rest_route=%2Fwp%2Fv2%2Fcategories&post=8699"},{"taxonomy":"post_tag","embeddable":true,"href":"https:\/\/www.frankensicht.de\/index.php?rest_route=%2Fwp%2Fv2%2Ftags&post=8699"}],"curies":[{"name":"wp","href":"https:\/\/api.w.org\/{rel}","templated":true}]}}