{"id":8694,"date":"2015-06-29T11:21:02","date_gmt":"2015-06-29T09:21:02","guid":{"rendered":"http:\/\/www.frankensicht.de\/?p=8694"},"modified":"2015-06-29T11:45:14","modified_gmt":"2015-06-29T09:45:14","slug":"bayerns-justizminister-haendigt-bundesverdienstkreuz-an-marion-gopp-aus","status":"publish","type":"post","link":"https:\/\/www.frankensicht.de\/?p=8694","title":{"rendered":"Bayerns Justizminister h\u00e4ndigt Bundesverdienstkreuz an Marion Gopp aus"},"content":{"rendered":"<p><span style=\"color: #ff0000;\">M\u00fcnchen:<\/span><\/p>\n<p>Bayerns Justizminister h\u00e4ndigt Bundesverdienstkreuz an Marion Gopp aus \/ Bausback: &#8222;Sie leisten Tag f\u00fcr Tag Gro\u00dfes und haben unser aller Respekt und Anerkennung verdient!&#8220;<br \/>\nBayerns Justizminister Prof. Dr. Winfried Bausback h\u00e4ndigt heute im Schloss Johannisburg in Aschaffenburg Marion Gopp das Verdienstkreuz am Bande des Verdienstordens der Bundesrepublik Deutschland aus, welches ihr zuvor vom Bundespr\u00e4sidenten Joachim Gauck verliehen wurde.<\/p>\n<p>&#8222;Der Verdienstorden ist die h\u00f6chste Anerkennung, die die Bundesrepublik Deutschland f\u00fcr Verdienste um das Gemeinwohl ausspricht. Er wird verliehen f\u00fcr politische, wirtschaftlich-soziale und geistige Leistungen sowie f\u00fcr alle besonderen Verdienste um unser Land&#8220;, erl\u00e4utert Bausback. &#8222;Er ist eine Auszeichnung, mit der Menschen geehrt werden, die sich ganz besonders um unsere Gesellschaft verdient gemacht haben.&#8220;<\/p>\n<p><a href=\"https:\/\/www.frankensicht.de\/?attachment_id=7631\" rel=\"attachment wp-att-7631\"><img loading=\"lazy\" decoding=\"async\" class=\"alignnone size-medium wp-image-7631\" src=\"https:\/\/www.frankensicht.de\/wp-content\/uploads\/2014\/09\/deutschlandfahne-300x180.png\" alt=\"deutschlandfahne\" width=\"300\" height=\"180\" srcset=\"https:\/\/www.frankensicht.de\/wp-content\/uploads\/2014\/09\/deutschlandfahne-300x180.png 300w, https:\/\/www.frankensicht.de\/wp-content\/uploads\/2014\/09\/deutschlandfahne.png 1000w\" sizes=\"auto, (max-width: 300px) 100vw, 300px\" \/><\/a><\/p>\n<p>Marion Gopp aus Goldbach (Landkreis Aschaffenburg) wird ausgezeichnet f\u00fcr die jahrzehntelange aufopferungsvolle Pflege ihres Sohnes. &#8222;Sie stehen ihm bei, in sch\u00f6nen, aber vor allem auch in schweren Momenten. Sie schenken Ihrem Sohn Tag f\u00fcr Tag Unterst\u00fctzung bei den vielen kleinen Dingen, die der Alltag erfordert &amp;ndash; und leisten dadurch Gro\u00dfes! Sie waren und sind jederzeit f\u00fcr ihn da, ohne an sich selbst, an Ihre eigenen Belange zu denken. Liebevoll, mit gr\u00f6\u00dfter F\u00fcrsorge und vorbildlicher Geduld&#8220;, so der Minister an Frau Gopp gerichtet. &#8222;Ich m\u00f6chte Ihnen f\u00fcr all das, was Sie f\u00fcr unsere Gesellschaft und Ihren Sohn leisten, ein ganz herzliches Dankesch\u00f6n sagen und Ihnen meinen h\u00f6chsten Respekt und Anerkennung aussprechen!<\/p>\n<p>Quelle:stmj.bayern.de<\/p>\n","protected":false},"excerpt":{"rendered":"<p>M\u00fcnchen: Bayerns Justizminister h\u00e4ndigt Bundesverdienstkreuz an Marion Gopp aus \/ Bausback: &#8222;Sie leisten Tag f\u00fcr Tag Gro\u00dfes und haben unser aller Respekt und Anerkennung verdient!&#8220; Bayerns Justizminister Prof. Dr. Winfried Bausback h\u00e4ndigt heute im Schloss Johannisburg in Aschaffenburg Marion Gopp das Verdienstkreuz am Bande des Verdienstordens der Bundesrepublik Deutschland aus, welches ihr zuvor vom Bundespr\u00e4sidenten [&hellip;]<\/p>\n","protected":false},"author":7,"featured_media":7631,"comment_status":"closed","ping_status":"open","sticky":false,"template":"","format":"standard","meta":{"footnotes":""},"categories":[78,71],"tags":[1807],"class_list":["post-8694","post","type-post","status-publish","format-standard","has-post-thumbnail","hentry","category-bayern","category-menue","tag-marion-gopp"],"_links":{"self":[{"href":"https:\/\/www.frankensicht.de\/index.php?rest_route=\/wp\/v2\/posts\/8694","targetHints":{"allow":["GET"]}}],"collection":[{"href":"https:\/\/www.frankensicht.de\/index.php?rest_route=\/wp\/v2\/posts"}],"about":[{"href":"https:\/\/www.frankensicht.de\/index.php?rest_route=\/wp\/v2\/types\/post"}],"author":[{"embeddable":true,"href":"https:\/\/www.frankensicht.de\/index.php?rest_route=\/wp\/v2\/users\/7"}],"replies":[{"embeddable":true,"href":"https:\/\/www.frankensicht.de\/index.php?rest_route=%2Fwp%2Fv2%2Fcomments&post=8694"}],"version-history":[{"count":0,"href":"https:\/\/www.frankensicht.de\/index.php?rest_route=\/wp\/v2\/posts\/8694\/revisions"}],"wp:featuredmedia":[{"embeddable":true,"href":"https:\/\/www.frankensicht.de\/index.php?rest_route=\/wp\/v2\/media\/7631"}],"wp:attachment":[{"href":"https:\/\/www.frankensicht.de\/index.php?rest_route=%2Fwp%2Fv2%2Fmedia&parent=8694"}],"wp:term":[{"taxonomy":"category","embeddable":true,"href":"https:\/\/www.frankensicht.de\/index.php?rest_route=%2Fwp%2Fv2%2Fcategories&post=8694"},{"taxonomy":"post_tag","embeddable":true,"href":"https:\/\/www.frankensicht.de\/index.php?rest_route=%2Fwp%2Fv2%2Ftags&post=8694"}],"curies":[{"name":"wp","href":"https:\/\/api.w.org\/{rel}","templated":true}]}}