{"id":8673,"date":"2015-06-27T07:47:08","date_gmt":"2015-06-27T05:47:08","guid":{"rendered":"http:\/\/www.frankensicht.de\/?p=8673"},"modified":"2015-06-27T07:47:08","modified_gmt":"2015-06-27T05:47:08","slug":"huml-fordert-mehr-transparenz-bei-versorgungsdaten-antrag-bayerns-fuer-gesundheitsministerkonferenz-der-laender","status":"publish","type":"post","link":"https:\/\/www.frankensicht.de\/?p=8673","title":{"rendered":"Huml fordert mehr Transparenz bei Versorgungsdaten &#8211; Antrag Bayerns f\u00fcr Gesundheitsministerkonferenz der L\u00e4nder"},"content":{"rendered":"<p><span style=\"color: #ff0000;\">M\u00fcnchen:<\/span><\/p>\n<p>Huml fordert mehr Transparenz bei Versorgungsdaten &#8211; Antrag Bayerns f\u00fcr Gesundheitsministerkonferenz der L\u00e4nder<\/p>\n<p>Bayerns Gesundheitsministerin Melanie Huml fordert vom Bund mehr Transparenz bei wichtigen Versorgungsdaten. Huml betonte am Dienstag in M\u00fcnchen: &#8222;Die derzeitigen Vorschriften m\u00fcssen dringend nachgebessert werden. Denn die Bundesl\u00e4nder brauchen einen schnelleren Datenzugang, um die regionale Versorgungsplanung und -steuerung zu verbessern.&#8220;<\/p>\n<p>Bayern hat zu diesem Thema einen Antrag f\u00fcr die am Mittwoch im rheinland-pf\u00e4lzischen Bad D\u00fcrkheim beginnende Gesundheitsministerkonferenz vorbereitet. Darin hei\u00dft es, den Bundesl\u00e4ndern m\u00fcssten k\u00fcnftig regionalisierte Daten innerhalb von sechs Monaten nach Ende des Kalenderjahres zur Verf\u00fcgung gestellt werden. Hierf\u00fcr m\u00fcsse das Bundesgesundheitsministerium Sorge tragen.<\/p>\n<p><a href=\"https:\/\/www.frankensicht.de\/?attachment_id=3002\" rel=\"attachment wp-att-3002\"><img loading=\"lazy\" decoding=\"async\" class=\"alignnone size-medium wp-image-3002\" src=\"https:\/\/www.frankensicht.de\/wp-content\/uploads\/2012\/06\/handy-300x225.jpg\" alt=\"handy\" width=\"300\" height=\"225\" srcset=\"https:\/\/www.frankensicht.de\/wp-content\/uploads\/2012\/06\/handy-300x225.jpg 300w, https:\/\/www.frankensicht.de\/wp-content\/uploads\/2012\/06\/handy.jpg 640w\" sizes=\"auto, (max-width: 300px) 100vw, 300px\" \/><\/a><\/p>\n<p>Der Vorsto\u00df Bayerns wird bereits von mehreren L\u00e4ndern unterst\u00fctzt. Der Antrag ist eine Reaktion auf die Intransparenz in der gesetzlichen Krankenversicherung (GKV). Huml erl\u00e4uterte: &#8222;Es sind umfangreiche Routinedaten der GKV vorhanden, die derzeit noch weitgehend ungenutzt bleiben. Das entspricht noch nicht dem gemeinsamen Ziel einer St\u00e4rkung der Versorgungsforschung.&#8220;<\/p>\n<p>Die Ministerin unterstrich: &#8222;Die L\u00e4nder haben als Verfassungsorgane unter den Nutzungsberechtigten eine besondere Stellung. Sie ben\u00f6tigen die Daten gerade auch zur Erf\u00fcllung ihrer gesetzlichen Aufgaben in der Versorgungsplanung und Versorgungssteuerung. Wenn es beispielsweise darum geht, ambulante und station\u00e4re Versorgung besser zu verzahnen, wird die bestm\u00f6gliche Datenbasis ben\u00f6tigt.&#8220;<\/p>\n<p>Huml verwies darauf, dass sich der Bundesrat in K\u00fcrze mit dem von der Bundesregierung geplanten Gesetz f\u00fcr sichere digitale Kommunikation und Anwendungen im Gesundheitswesen (E-Health-Gesetz) befassen wird. Die Ministerin betonte: &#8222;Big Data ist ein Megatrend, nicht zuletzt im Gesundheitswesen. Gerade vor diesem Hintergrund brauchen wir auch bei den Versorgungsdaten der GKV ein zeitgem\u00e4\u00dfes Informationsmanagement. Der Bund muss den L\u00e4ndern diese Daten zeitnah zur Verf\u00fcgung stellen!&#8220;<\/p>\n<p>Quelle:stmgp.bayern.de<\/p>\n","protected":false},"excerpt":{"rendered":"<p>M\u00fcnchen: Huml fordert mehr Transparenz bei Versorgungsdaten &#8211; Antrag Bayerns f\u00fcr Gesundheitsministerkonferenz der L\u00e4nder Bayerns Gesundheitsministerin Melanie Huml fordert vom Bund mehr Transparenz bei wichtigen Versorgungsdaten. Huml betonte am Dienstag in M\u00fcnchen: &#8222;Die derzeitigen Vorschriften m\u00fcssen dringend nachgebessert werden. Denn die Bundesl\u00e4nder brauchen einen schnelleren Datenzugang, um die regionale Versorgungsplanung und -steuerung zu verbessern.&#8220; Bayern [&hellip;]<\/p>\n","protected":false},"author":7,"featured_media":3002,"comment_status":"closed","ping_status":"open","sticky":false,"template":"","format":"standard","meta":{"footnotes":""},"categories":[78,71],"tags":[237],"class_list":["post-8673","post","type-post","status-publish","format-standard","has-post-thumbnail","hentry","category-bayern","category-menue","tag-vorratsdaten-speicherung"],"_links":{"self":[{"href":"https:\/\/www.frankensicht.de\/index.php?rest_route=\/wp\/v2\/posts\/8673","targetHints":{"allow":["GET"]}}],"collection":[{"href":"https:\/\/www.frankensicht.de\/index.php?rest_route=\/wp\/v2\/posts"}],"about":[{"href":"https:\/\/www.frankensicht.de\/index.php?rest_route=\/wp\/v2\/types\/post"}],"author":[{"embeddable":true,"href":"https:\/\/www.frankensicht.de\/index.php?rest_route=\/wp\/v2\/users\/7"}],"replies":[{"embeddable":true,"href":"https:\/\/www.frankensicht.de\/index.php?rest_route=%2Fwp%2Fv2%2Fcomments&post=8673"}],"version-history":[{"count":0,"href":"https:\/\/www.frankensicht.de\/index.php?rest_route=\/wp\/v2\/posts\/8673\/revisions"}],"wp:featuredmedia":[{"embeddable":true,"href":"https:\/\/www.frankensicht.de\/index.php?rest_route=\/wp\/v2\/media\/3002"}],"wp:attachment":[{"href":"https:\/\/www.frankensicht.de\/index.php?rest_route=%2Fwp%2Fv2%2Fmedia&parent=8673"}],"wp:term":[{"taxonomy":"category","embeddable":true,"href":"https:\/\/www.frankensicht.de\/index.php?rest_route=%2Fwp%2Fv2%2Fcategories&post=8673"},{"taxonomy":"post_tag","embeddable":true,"href":"https:\/\/www.frankensicht.de\/index.php?rest_route=%2Fwp%2Fv2%2Ftags&post=8673"}],"curies":[{"name":"wp","href":"https:\/\/api.w.org\/{rel}","templated":true}]}}