{"id":8662,"date":"2015-06-19T07:56:01","date_gmt":"2015-06-19T05:56:01","guid":{"rendered":"http:\/\/www.frankensicht.de\/?p=8662"},"modified":"2015-06-19T07:56:01","modified_gmt":"2015-06-19T05:56:01","slug":"klimaschutz","status":"publish","type":"post","link":"https:\/\/www.frankensicht.de\/?p=8662","title":{"rendered":"Klimaschutz"},"content":{"rendered":"<p><span style=\"color: #ff0000;\">Berlin:<\/span><\/p>\n<p>Hendricks f\u00f6rdert Pilotprojekt f\u00fcr betriebliches Mobilit\u00e4tsmanagement<\/p>\n<p>Das Bundesumweltministerium f\u00f6rdert eine neue Initiative zum betrieblichen<br \/>\nMobilit\u00e4tsmanagement. Das Projekt \u201eGute Wege \u2013 Nachhaltige Mobilit\u00e4t<br \/>\nf\u00fcr Arbeitnehmer\u201c des ACE \u2013 Auto Club Europa e.V. soll die<br \/>\nnachhaltige Arbeitnehmermobilit\u00e4t als Standardaufgabe in den Unternehmen<br \/>\nverankern. Damit soll ein Beitrag zur Verminderung der verkehrsbedingten<br \/>\nCO2-Emissionen geleistet werden.<\/p>\n<p>Auf den Verkehrssektor entfallen \u00fcber 18 Prozent aller direkten<br \/>\nCO2-Emissionen in Deutschland. Priorit\u00e4t haben deshalb umwelt- und<br \/>\nklimagerechte Mobilit\u00e4tsarten, die Verlagerung auf entsprechende<br \/>\nVerkehrstr\u00e4ger sowie die geteilte und vernetzte Nutzung von<br \/>\nVerkehrsmitteln.<\/p>\n<p><a href=\"https:\/\/www.frankensicht.de\/?attachment_id=8075\" rel=\"attachment wp-att-8075\"><img loading=\"lazy\" decoding=\"async\" class=\"alignnone size-medium wp-image-8075\" src=\"https:\/\/www.frankensicht.de\/wp-content\/uploads\/2015\/01\/P1010162-300x225.jpg\" alt=\"P1010162\" width=\"300\" height=\"225\" srcset=\"https:\/\/www.frankensicht.de\/wp-content\/uploads\/2015\/01\/P1010162-300x225.jpg 300w, https:\/\/www.frankensicht.de\/wp-content\/uploads\/2015\/01\/P1010162.jpg 640w\" sizes=\"auto, (max-width: 300px) 100vw, 300px\" \/><\/a><\/p>\n<p>Um diese Ziele zu unterst\u00fctzen, f\u00f6rdert das Bundesumweltministerium das<br \/>\nProjekt &#8222;Gute Wege &#8211; Nachhaltige Mobilit\u00e4t f\u00fcr Arbeitnehmer&#8220;. Im Zentrum<br \/>\nstehen dabei die Besch\u00e4ftigten, die durch ihre Verkehrsmittelwahl und<br \/>\n-nutzung der Dreh- und Angelpunkt des betrieblichen Mobilit\u00e4tsmanagements<br \/>\nsind. Durch Veranstaltungen vor Ort, Netzwerkbildung und zentrale<br \/>\nkommunikative Ma\u00dfnahmen soll das Thema nachhaltige Mobilit\u00e4t im<br \/>\nbetrieblichen Umfeld st\u00e4rker verankert werden. Dabei werden die<br \/>\nspezifischen Mobilit\u00e4tsbed\u00fcrfnisse von Arbeitnehmerinnen und<br \/>\nArbeitnehmern angesprochen und attraktiver gestaltet.<\/p>\n<p>Eine besondere Bedeutung kommt dabei der Gewinnung und Qualifizierung von<br \/>\nBetriebsr\u00e4ten und Personalr\u00e4ten als Multiplikatoren und wichtigen<br \/>\nAkteuren f\u00fcr eine erfolgreiche Einf\u00fchrung und nachhaltige Verankerung<br \/>\nvon betrieblichem Mobilit\u00e4tsmanagement zu. Der ACE wird bei dem Vorhaben<br \/>\ndaher vom DGB und seinen Mitgliedsgewerkschaften unterst\u00fctzt.<\/p>\n<p>Das Projekt wird im Rahmen der F\u00f6rderung innovativer Klimaschutzprojekte<br \/>\nder Nationalen Klimaschutzinitiative des Bundesumweltministeriums in den<br \/>\nkommenden drei Jahren mit insgesamt 1,6 Mio. Euro unterst\u00fctzt. Die<br \/>\nF\u00f6rderung des betrieblichen Mobilit\u00e4tsmanagements ist auch Teil des<br \/>\nAktionsprogramms Klimaschutz 2020.<\/p>\n<p>Weitere Informationen zur Nationalen Klimaschutzinitiative:<br \/>\nwww.klimaschutz.de.<\/p>\n<p>Quelle: bmub-bund.de<\/p>\n","protected":false},"excerpt":{"rendered":"<p>Berlin: Hendricks f\u00f6rdert Pilotprojekt f\u00fcr betriebliches Mobilit\u00e4tsmanagement Das Bundesumweltministerium f\u00f6rdert eine neue Initiative zum betrieblichen Mobilit\u00e4tsmanagement. Das Projekt \u201eGute Wege \u2013 Nachhaltige Mobilit\u00e4t f\u00fcr Arbeitnehmer\u201c des ACE \u2013 Auto Club Europa e.V. soll die nachhaltige Arbeitnehmermobilit\u00e4t als Standardaufgabe in den Unternehmen verankern. Damit soll ein Beitrag zur Verminderung der verkehrsbedingten CO2-Emissionen geleistet werden. Auf den [&hellip;]<\/p>\n","protected":false},"author":7,"featured_media":8075,"comment_status":"closed","ping_status":"open","sticky":false,"template":"","format":"standard","meta":{"footnotes":""},"categories":[44,3],"tags":[238],"class_list":["post-8662","post","type-post","status-publish","format-standard","has-post-thumbnail","hentry","category-deutschland-2","category-news","tag-klimaschutz"],"_links":{"self":[{"href":"https:\/\/www.frankensicht.de\/index.php?rest_route=\/wp\/v2\/posts\/8662","targetHints":{"allow":["GET"]}}],"collection":[{"href":"https:\/\/www.frankensicht.de\/index.php?rest_route=\/wp\/v2\/posts"}],"about":[{"href":"https:\/\/www.frankensicht.de\/index.php?rest_route=\/wp\/v2\/types\/post"}],"author":[{"embeddable":true,"href":"https:\/\/www.frankensicht.de\/index.php?rest_route=\/wp\/v2\/users\/7"}],"replies":[{"embeddable":true,"href":"https:\/\/www.frankensicht.de\/index.php?rest_route=%2Fwp%2Fv2%2Fcomments&post=8662"}],"version-history":[{"count":0,"href":"https:\/\/www.frankensicht.de\/index.php?rest_route=\/wp\/v2\/posts\/8662\/revisions"}],"wp:featuredmedia":[{"embeddable":true,"href":"https:\/\/www.frankensicht.de\/index.php?rest_route=\/wp\/v2\/media\/8075"}],"wp:attachment":[{"href":"https:\/\/www.frankensicht.de\/index.php?rest_route=%2Fwp%2Fv2%2Fmedia&parent=8662"}],"wp:term":[{"taxonomy":"category","embeddable":true,"href":"https:\/\/www.frankensicht.de\/index.php?rest_route=%2Fwp%2Fv2%2Fcategories&post=8662"},{"taxonomy":"post_tag","embeddable":true,"href":"https:\/\/www.frankensicht.de\/index.php?rest_route=%2Fwp%2Fv2%2Ftags&post=8662"}],"curies":[{"name":"wp","href":"https:\/\/api.w.org\/{rel}","templated":true}]}}