{"id":8651,"date":"2015-06-17T11:32:45","date_gmt":"2015-06-17T09:32:45","guid":{"rendered":"http:\/\/www.frankensicht.de\/?p=8651"},"modified":"2015-06-17T11:32:45","modified_gmt":"2015-06-17T09:32:45","slug":"freiwilliges-oekologisches-jahr-ist-erfolgsmodell","status":"publish","type":"post","link":"https:\/\/www.frankensicht.de\/?p=8651","title":{"rendered":"Freiwilliges \u00d6kologisches Jahr ist Erfolgsmodell"},"content":{"rendered":"<p><span style=\"color: #ff0000;\">M\u00fcnchen:<\/span><\/p>\n<p>Freiwilliges \u00d6kologisches Jahr ist Erfolgsmodell<\/p>\n<p>Das Freiwillige \u00d6kologische Jahr (F\u00d6J) ist ein Vorzeigeprojekt der Umweltbildung in Bayern. Das betonte die Bayerische Umweltministerin Ulrike Scharf bei der Feierstunde zum 20-j\u00e4hrigen Bestehen des F\u00d6J: &#8222;Der Umweltschutz in Bayern lebt von dem Engagement vieler Menschen, die sich leidenschaftlich f\u00fcr den Schutz von Natur und Umwelt einsetzen. Das freiwillige Engagement der Jugendlichen im Rahmen des F\u00d6J f\u00fcr den Umweltschutz ist ein herausragendes Beispiel von gelebter Bildung f\u00fcr nachhaltige Entwicklung. Das F\u00d6J in Bayern ist ein Erfolgsmodell.&#8220; Das F\u00d6J wurde 1995 in Bayern eingef\u00fchrt. Seit der Einf\u00fchrung haben rund 3.000 Freiwillige in Bayern am F\u00d6J teilgenommen. J\u00e4hrlich sind dies derzeit rund 200 Teilnehmende. Im Rahmen des Bildungs- und Orientierungsjahrs k\u00f6nnen sich junge Frauen und M\u00e4nner zwischen 16 und 26 Jahren freiwillig f\u00fcr den Umwelt- und Naturschutz engagieren und sich dabei auch beruflich orientieren.<\/p>\n<p><a href=\"https:\/\/www.frankensicht.de\/?attachment_id=7261\" rel=\"attachment wp-att-7261\"><img loading=\"lazy\" decoding=\"async\" class=\"alignnone size-medium wp-image-7261\" src=\"https:\/\/www.frankensicht.de\/wp-content\/uploads\/2014\/06\/komuran1-300x225.jpg\" alt=\"komuran1\" width=\"300\" height=\"225\" srcset=\"https:\/\/www.frankensicht.de\/wp-content\/uploads\/2014\/06\/komuran1-300x225.jpg 300w, https:\/\/www.frankensicht.de\/wp-content\/uploads\/2014\/06\/komuran1.jpg 640w\" sizes=\"auto, (max-width: 300px) 100vw, 300px\" \/><\/a><\/p>\n<p>In mehr als 180 verschiedensten Einsatzstellen, wie Umweltbildungseinrichtungen und Umweltbeh\u00f6rden, aber auch in Naturkinderg\u00e4rten, Freilandmuseen und Forschungszentren k\u00f6nnen die Freiwilligen in \u00f6kologisch orientierte Berufe hineinschnuppern. Scharf: &#8222;Ziel ist, die jungen Leute f\u00fcr die Natur zu begeistern und das Verst\u00e4ndnis f\u00fcr \u00f6kologische Zusammenh\u00e4nge zu wecken. Denn nur was man kennt, das sch\u00e4tzt man, und was man sch\u00e4tzt, das sch\u00fctzt man auch.&#8220; Das Bayerische Umweltministerium hat die Tr\u00e4gerschaft f\u00fcr das F\u00d6J an drei gemeinn\u00fctzige Verb\u00e4nde \u00fcbergeben: dem Bund der Deutschen Katholischen Jugend Bayern, der Evangelischen Jugend in Bayern und der Jugendorganisation des Bund Naturschutz in Bayern. Sie verwalten derzeit insgesamt rund 180 Einsatzstellen f\u00fcr F\u00d6J-ler. Sie werden vom Umweltministerium j\u00e4hrlich mit rund 700.000 Euro unterst\u00fctzt. Dar\u00fcber hinaus f\u00f6rdert der Bund das F\u00d6J j\u00e4hrlich mit rund 450.000 Euro. Insgesamt hat der Freistaat Bayern in den vergangenen 20 Jahren \u00fcber 11 Millionen Euro bereitgestellt.<\/p>\n<p>Quelle: stmuv.bayern,de<\/p>\n<p>&nbsp;<\/p>\n","protected":false},"excerpt":{"rendered":"<p>M\u00fcnchen: Freiwilliges \u00d6kologisches Jahr ist Erfolgsmodell Das Freiwillige \u00d6kologische Jahr (F\u00d6J) ist ein Vorzeigeprojekt der Umweltbildung in Bayern. Das betonte die Bayerische Umweltministerin Ulrike Scharf bei der Feierstunde zum 20-j\u00e4hrigen Bestehen des F\u00d6J: &#8222;Der Umweltschutz in Bayern lebt von dem Engagement vieler Menschen, die sich leidenschaftlich f\u00fcr den Schutz von Natur und Umwelt einsetzen. Das [&hellip;]<\/p>\n","protected":false},"author":7,"featured_media":7623,"comment_status":"closed","ping_status":"open","sticky":false,"template":"","format":"standard","meta":{"footnotes":""},"categories":[78,71],"tags":[1799],"class_list":["post-8651","post","type-post","status-publish","format-standard","has-post-thumbnail","hentry","category-bayern","category-menue","tag-freiwilligen-oekologisches-jahr"],"_links":{"self":[{"href":"https:\/\/www.frankensicht.de\/index.php?rest_route=\/wp\/v2\/posts\/8651","targetHints":{"allow":["GET"]}}],"collection":[{"href":"https:\/\/www.frankensicht.de\/index.php?rest_route=\/wp\/v2\/posts"}],"about":[{"href":"https:\/\/www.frankensicht.de\/index.php?rest_route=\/wp\/v2\/types\/post"}],"author":[{"embeddable":true,"href":"https:\/\/www.frankensicht.de\/index.php?rest_route=\/wp\/v2\/users\/7"}],"replies":[{"embeddable":true,"href":"https:\/\/www.frankensicht.de\/index.php?rest_route=%2Fwp%2Fv2%2Fcomments&post=8651"}],"version-history":[{"count":0,"href":"https:\/\/www.frankensicht.de\/index.php?rest_route=\/wp\/v2\/posts\/8651\/revisions"}],"wp:featuredmedia":[{"embeddable":true,"href":"https:\/\/www.frankensicht.de\/index.php?rest_route=\/wp\/v2\/media\/7623"}],"wp:attachment":[{"href":"https:\/\/www.frankensicht.de\/index.php?rest_route=%2Fwp%2Fv2%2Fmedia&parent=8651"}],"wp:term":[{"taxonomy":"category","embeddable":true,"href":"https:\/\/www.frankensicht.de\/index.php?rest_route=%2Fwp%2Fv2%2Fcategories&post=8651"},{"taxonomy":"post_tag","embeddable":true,"href":"https:\/\/www.frankensicht.de\/index.php?rest_route=%2Fwp%2Fv2%2Ftags&post=8651"}],"curies":[{"name":"wp","href":"https:\/\/api.w.org\/{rel}","templated":true}]}}