{"id":8646,"date":"2015-06-16T08:04:33","date_gmt":"2015-06-16T06:04:33","guid":{"rendered":"http:\/\/www.frankensicht.de\/?p=8646"},"modified":"2015-06-16T08:04:33","modified_gmt":"2015-06-16T06:04:33","slug":"fachdialog-ueber-chancen-und-risiken-der-nanotechnologie-im-lebensmittelbereich","status":"publish","type":"post","link":"https:\/\/www.frankensicht.de\/?p=8646","title":{"rendered":"Fachdialog \u00fcber Chancen und Risiken der Nanotechnologie im Lebensmittelbereich"},"content":{"rendered":"<p><span style=\"color: #ff0000;\">Berlin:<\/span><\/p>\n<p>Fachdialog \u00fcber Chancen und Risiken der<br \/>\nNanotechnologie im Lebensmittelbereich<\/p>\n<p>Auf Einladung des Bundesumweltministeriums sind heute Vertreter von<br \/>\nWissenschaft, Kirche, Industrie, Umweltverb\u00e4nden, Regierung und Beh\u00f6rden<br \/>\n\u00fcber Chancen und Risiken der Nanotechnologie im Lebensmittelbereich ins<br \/>\nGespr\u00e4ch gekommen. Ziel ist die Er\u00f6rterung unterschiedlicher<br \/>\nFragestellungen zu Auswirkungen von Nanomaterialien in Produkten auf<br \/>\nUmwelt und Gesundheit im Lebensmittelbereich. Der Fachdialog \u201eAnwendung<br \/>\nvon Nanomaterialien im Lebensmittelbereich\u201c ist die letzte von insgesamt<br \/>\nvier Veranstaltungen des BMUB im Rahmen der 4. Staffel des<br \/>\n\u201eNanoDialogs\u201c der Bundesregierung.<\/p>\n<p>Umweltstaatssekret\u00e4r Jochen Flasbarth: \u201eDieser seit nun fast 10 Jahren<br \/>\nbestehende Stakeholder-Dialog ist einzigartig in Europa. Er stellt einen<br \/>\nwichtigen Bestandteil im Austausch gesellschaftlicher Interessengruppen zu<br \/>\nChancen und Risiken im Sinne eines verantwortungsvollen und nachhaltigen<br \/>\nUmgangs mit Nanomaterialien dar. Deshalb werden wir den Dialog in einer 5.<br \/>\nStaffel von 2016-2017 fortsetzen.\u201c<\/p>\n<p><a href=\"https:\/\/www.frankensicht.de\/?attachment_id=1057\" rel=\"attachment wp-att-1057\"><img loading=\"lazy\" decoding=\"async\" class=\"alignnone size-medium wp-image-1057\" src=\"https:\/\/www.frankensicht.de\/wp-content\/uploads\/2012\/04\/apfel-300x225.jpg\" alt=\"apfel\" width=\"300\" height=\"225\" srcset=\"https:\/\/www.frankensicht.de\/wp-content\/uploads\/2012\/04\/apfel-300x225.jpg 300w, https:\/\/www.frankensicht.de\/wp-content\/uploads\/2012\/04\/apfel.jpg 640w\" sizes=\"auto, (max-width: 300px) 100vw, 300px\" \/><\/a><\/p>\n<p>Diskutiert wird die umweltoffene Anwendung von Nanomaterialien anhand ihres<br \/>\nEinsatzes und Analytik sowohl in Lebensmitteln, Lebensmittelzusatzstoffen<br \/>\nund Nahrungserg\u00e4nzungsmitteln als auch in Lebensmittelkontaktmaterialien.<br \/>\nAuch die Analytik und Messmethoden sind Gegenstand des FachDialogs. Damit<br \/>\nwird sowohl \u00fcber aktuelle Entwicklungen informiert als auch die<br \/>\nM\u00f6glichkeit gegeben, sich zu Chancen und m\u00f6glichen Risiken der<br \/>\nVerwendung von Nanomaterialien in diesem Anwendungsbereich vertrauensvoll<br \/>\nauszutauschen.<\/p>\n<p>Der NanoDialog der Bundesregierung wurde 2006 im Rahmen des Aktionsplans<br \/>\nNanotechnologie unter der Federf\u00fchrung des Bundesumweltministeriums als<br \/>\nzentrale, nationale Dialogplattform geschaffen.<\/p>\n<p>Quelle:bmub.bund.de<\/p>\n","protected":false},"excerpt":{"rendered":"<p>Berlin: Fachdialog \u00fcber Chancen und Risiken der Nanotechnologie im Lebensmittelbereich Auf Einladung des Bundesumweltministeriums sind heute Vertreter von Wissenschaft, Kirche, Industrie, Umweltverb\u00e4nden, Regierung und Beh\u00f6rden \u00fcber Chancen und Risiken der Nanotechnologie im Lebensmittelbereich ins Gespr\u00e4ch gekommen. Ziel ist die Er\u00f6rterung unterschiedlicher Fragestellungen zu Auswirkungen von Nanomaterialien in Produkten auf Umwelt und Gesundheit im Lebensmittelbereich. Der [&hellip;]<\/p>\n","protected":false},"author":7,"featured_media":1057,"comment_status":"closed","ping_status":"open","sticky":false,"template":"","format":"standard","meta":{"footnotes":""},"categories":[3,16],"tags":[1798],"class_list":["post-8646","post","type-post","status-publish","format-standard","has-post-thumbnail","hentry","category-news","category-wirtschaft","tag-nanotechnik"],"_links":{"self":[{"href":"https:\/\/www.frankensicht.de\/index.php?rest_route=\/wp\/v2\/posts\/8646","targetHints":{"allow":["GET"]}}],"collection":[{"href":"https:\/\/www.frankensicht.de\/index.php?rest_route=\/wp\/v2\/posts"}],"about":[{"href":"https:\/\/www.frankensicht.de\/index.php?rest_route=\/wp\/v2\/types\/post"}],"author":[{"embeddable":true,"href":"https:\/\/www.frankensicht.de\/index.php?rest_route=\/wp\/v2\/users\/7"}],"replies":[{"embeddable":true,"href":"https:\/\/www.frankensicht.de\/index.php?rest_route=%2Fwp%2Fv2%2Fcomments&post=8646"}],"version-history":[{"count":0,"href":"https:\/\/www.frankensicht.de\/index.php?rest_route=\/wp\/v2\/posts\/8646\/revisions"}],"wp:featuredmedia":[{"embeddable":true,"href":"https:\/\/www.frankensicht.de\/index.php?rest_route=\/wp\/v2\/media\/1057"}],"wp:attachment":[{"href":"https:\/\/www.frankensicht.de\/index.php?rest_route=%2Fwp%2Fv2%2Fmedia&parent=8646"}],"wp:term":[{"taxonomy":"category","embeddable":true,"href":"https:\/\/www.frankensicht.de\/index.php?rest_route=%2Fwp%2Fv2%2Fcategories&post=8646"},{"taxonomy":"post_tag","embeddable":true,"href":"https:\/\/www.frankensicht.de\/index.php?rest_route=%2Fwp%2Fv2%2Ftags&post=8646"}],"curies":[{"name":"wp","href":"https:\/\/api.w.org\/{rel}","templated":true}]}}