{"id":8638,"date":"2015-06-13T07:30:41","date_gmt":"2015-06-13T05:30:41","guid":{"rendered":"http:\/\/www.frankensicht.de\/?p=8638"},"modified":"2015-06-13T07:30:41","modified_gmt":"2015-06-13T05:30:41","slug":"10-jahre-max-weber-programm-besondere-foerderung-fuer-4-000-studierende","status":"publish","type":"post","link":"https:\/\/www.frankensicht.de\/?p=8638","title":{"rendered":"10 Jahre Max Weber-Programm: Besondere F\u00f6rderung f\u00fcr 4.000 Studierende"},"content":{"rendered":"<p><span style=\"color: #ff0000;\">M\u00fcnchen:<\/span><\/p>\n<p>10 Jahre Max Weber-Programm: Besondere F\u00f6rderung f\u00fcr 4.000 Studierende<br \/>\nWissenschaftsminister Dr. Ludwig Spaenle und Staatssekret\u00e4r Bernd Sibler zum Jubil\u00e4um des Stipendiums &#8211; buntes Festival an der TUM in Garching<\/p>\n<p>Das Max Weber-Programm des Freistaates Bayern, ein F\u00f6rderangebot f\u00fcr besonders begabte Studierende, feiert in diesen Tagen sein 10-j\u00e4hriges Bestehen. Wissenschaftsminister Dr. Ludwig Spaenle betonte anl\u00e4sslich des Jubil\u00e4ums: &#8222;Begabtenf\u00f6rderung von der Grundschule bis zur Hochschule hat in Bayern einen sehr hohen Stellenwert: Im Mittelpunkt unserer F\u00f6rderstrategie stehen besonders begabte Sch\u00fclerinnen und Sch\u00fcler ebenso wie Studierende, die erst im Studium besonders herausragende Begabungen entfalten. Das Max Weber-Programm, das auch eine finanzielle F\u00f6rderung enth\u00e4lt, bietet den Stipendiatinnen und Stipendiaten w\u00e4hrend ihres Studiums in Bayern ein besonderes wissenschaftliches Zusatzangebot zur fachlichen Vertiefung und zum interdisziplin\u00e4ren Austausch. Es erm\u00f6glicht ihnen zudem, ihre Pers\u00f6nlichkeit weiter zu entfalten. Ich freue mich, dass wir \u00fcber dieses Programm inzwischen fast 4.000 Studierende f\u00f6rdern konnten!&#8220;<\/p>\n<p><a href=\"https:\/\/www.frankensicht.de\/?attachment_id=8065\" rel=\"attachment wp-att-8065\"><img loading=\"lazy\" decoding=\"async\" class=\"alignnone size-medium wp-image-8065\" src=\"https:\/\/www.frankensicht.de\/wp-content\/uploads\/2015\/01\/ferarri-300x225.jpg\" alt=\"ferarri\" width=\"300\" height=\"225\" srcset=\"https:\/\/www.frankensicht.de\/wp-content\/uploads\/2015\/01\/ferarri-300x225.jpg 300w, https:\/\/www.frankensicht.de\/wp-content\/uploads\/2015\/01\/ferarri.jpg 640w\" sizes=\"auto, (max-width: 300px) 100vw, 300px\" \/><\/a><\/p>\n<p>Rund 2.000 aktuelle Stipendiaten<\/p>\n<p>Das Max Weber-Programm, das von der Studienstiftung des Deutschen Volkes durchgef\u00fchrt wird, war 2005 mit 285 Stipendiatinnen und Stipendiaten gestartet und kann im Jubil\u00e4umsjahr rund 2.000 Studierende verzeichnen. Ihnen bietet sich neben der finanziellen F\u00f6rderung in Form einer Bildungspauschale pro Semester und der Unterst\u00fctzung von Auslandsstudien ein Programmangebot aus Sprachkursen, Softskill-Seminaren, Sommerakademien, Exkursionen, Tagungen, \u00fcberregionalen Tagesveranstaltungen und Aktivit\u00e4ten an den Hochschulorten. \u00dcber 1.900 Alumni sind dem Programm auch nach Abschluss ihrer F\u00f6rderung verbunden und engagieren sich beispielsweise in den Kommissionen zur Auswahl neuer Stipendiaten. Fachlich betreut und begleitet werden die Stipendiatinnen und Stipendiaten von gut 120 ehrenamtlich t\u00e4tigen Mentoren an den Hochschulen.<\/p>\n<p>&#8222;N\u00e4hrboden f\u00fcr\u00a0 Kreativit\u00e4t und gelebte Verantwortungsbereitschaft&#8220;<\/p>\n<p>Wissenschaftsstaatssekret\u00e4r Bernd Sibler unterstrich den besonderen Charakter des Stipendiums: &#8222;Das Max Weber-Programm hat sich in den vergangenen 10 Jahren zu einer gro\u00dfen Familie entwickelt. Es ist zu einem N\u00e4hrboden f\u00fcr Kreativit\u00e4t, Individualit\u00e4t und gelebte Verantwortungsbereitschaft geworden. Mit den Stipendiatinnen und Stipendiaten sowie den Alumnae und Alumni als aktive Mitgestalter des Programms k\u00f6nnen wir optimistisch in die Zukunft der Begabtenf\u00f6rderung in Bayern blicken!&#8220;<\/p>\n<p>Das Max Weber-Programm geh\u00f6rt zu den f\u00fcnf Programmen des Elitenetzwerks Bayern, das 2004 ins Leben gerufen wurde. Das Elitenetzwerk Bayern zeichnet sich aus durch Interdisziplinarit\u00e4t, einen hohen Grad an Vernetzung und eine besondere individuelle F\u00f6rderung der wissenschaftlichen Nachwuchstalente in Bayern. Dabei ist das Elitenetzwerk Bayern Teil eines flexiblen Gesamtsystems zur Begabtenf\u00f6rderung. Gemeinsam betonten Minister und Staatssekret\u00e4r: &#8222;Wichtig ist uns bei allen Programmen zur F\u00f6rderung besonders begabter junger Menschen, dass jedes Talent unabh\u00e4ngig von seiner sozialen Herkunft die Chance auf eine zus\u00e4tzliche F\u00f6rderung erh\u00e4lt.&#8220;<\/p>\n<p>Begangen wird das Jubil\u00e4um am Samstag, dem 13. Juni 2015, mit einem bunten Festival ab 15.30 Uhr auf dem Gel\u00e4nde der TU M\u00fcnchen in Garching. Stipendiaten, Alumni und Mentoren musizieren, moderieren, bieten Workshops an und halten Vortr\u00e4ge. Pressevertreter sind zur Berichterstattung herzlich eingeladen. Es wird um Anmeldung per Mail gebeten an: silvia.duschka@stmbw.bayern.de<\/p>\n<p>Quelle:stmbw.bayern.de<\/p>\n","protected":false},"excerpt":{"rendered":"<p>M\u00fcnchen: 10 Jahre Max Weber-Programm: Besondere F\u00f6rderung f\u00fcr 4.000 Studierende Wissenschaftsminister Dr. Ludwig Spaenle und Staatssekret\u00e4r Bernd Sibler zum Jubil\u00e4um des Stipendiums &#8211; buntes Festival an der TUM in Garching Das Max Weber-Programm des Freistaates Bayern, ein F\u00f6rderangebot f\u00fcr besonders begabte Studierende, feiert in diesen Tagen sein 10-j\u00e4hriges Bestehen. Wissenschaftsminister Dr. Ludwig Spaenle betonte anl\u00e4sslich [&hellip;]<\/p>\n","protected":false},"author":7,"featured_media":8065,"comment_status":"closed","ping_status":"open","sticky":false,"template":"","format":"standard","meta":{"footnotes":""},"categories":[78,71],"tags":[1796],"class_list":["post-8638","post","type-post","status-publish","format-standard","has-post-thumbnail","hentry","category-bayern","category-menue","tag-max-weber-programme"],"_links":{"self":[{"href":"https:\/\/www.frankensicht.de\/index.php?rest_route=\/wp\/v2\/posts\/8638","targetHints":{"allow":["GET"]}}],"collection":[{"href":"https:\/\/www.frankensicht.de\/index.php?rest_route=\/wp\/v2\/posts"}],"about":[{"href":"https:\/\/www.frankensicht.de\/index.php?rest_route=\/wp\/v2\/types\/post"}],"author":[{"embeddable":true,"href":"https:\/\/www.frankensicht.de\/index.php?rest_route=\/wp\/v2\/users\/7"}],"replies":[{"embeddable":true,"href":"https:\/\/www.frankensicht.de\/index.php?rest_route=%2Fwp%2Fv2%2Fcomments&post=8638"}],"version-history":[{"count":0,"href":"https:\/\/www.frankensicht.de\/index.php?rest_route=\/wp\/v2\/posts\/8638\/revisions"}],"wp:featuredmedia":[{"embeddable":true,"href":"https:\/\/www.frankensicht.de\/index.php?rest_route=\/wp\/v2\/media\/8065"}],"wp:attachment":[{"href":"https:\/\/www.frankensicht.de\/index.php?rest_route=%2Fwp%2Fv2%2Fmedia&parent=8638"}],"wp:term":[{"taxonomy":"category","embeddable":true,"href":"https:\/\/www.frankensicht.de\/index.php?rest_route=%2Fwp%2Fv2%2Fcategories&post=8638"},{"taxonomy":"post_tag","embeddable":true,"href":"https:\/\/www.frankensicht.de\/index.php?rest_route=%2Fwp%2Fv2%2Ftags&post=8638"}],"curies":[{"name":"wp","href":"https:\/\/api.w.org\/{rel}","templated":true}]}}