{"id":8628,"date":"2015-06-14T08:34:05","date_gmt":"2015-06-14T06:34:05","guid":{"rendered":"http:\/\/www.frankensicht.de\/?p=8628"},"modified":"2015-06-14T08:34:05","modified_gmt":"2015-06-14T06:34:05","slug":"bayerns-kultusminister-spaenle-zu-den-plaenen-frankreichs-den-deutschunterricht-am-college-zu-kuerzen","status":"publish","type":"post","link":"https:\/\/www.frankensicht.de\/?p=8628","title":{"rendered":"Bayerns Kultusminister Spaenle zu den Pl\u00e4nen Frankreichs, den Deutschunterricht am Coll\u00e8ge zu k\u00fcrzen"},"content":{"rendered":"<p><span style=\"color: #ff0000;\">M\u00fcnchen:<\/span><\/p>\n<p>Bayerns Kultusminister Spaenle zu den Pl\u00e4nen Frankreichs, den Deutschunterricht am Coll\u00e8ge zu k\u00fcrzen &#8211; &#8222;Die Sprache ist ein Schl\u00fcssel zum Herzen der Menschen&#8220;<br \/>\nBayerns Bildungsminister Dr. Ludwig Spaenle, der auch Sprecher der Kultusminister der unionsgef\u00fchrten L\u00e4nder ist, sorgt sich darum, dass eine K\u00fcrzung des Deutsch-Unterrichts am Coll\u00e8ge in Frankreich massive Auswirkungen auf die gelebte deutsch-franz\u00f6sische Freundschaft haben wird. &#8222;Wer\u00a0 Franz\u00f6sisch erlernt, hat in der Regel gro\u00dfes Interesse am Nachbarland und an den Menschen dort. Wer Franz\u00f6sisch sprechen kann, wird Frankreich gern besuchen und hier unkompliziert mit den Menschen ins Gespr\u00e4ch kommen.&#8220; Und diese Situation gilt f\u00fcr Minister Spaenle, der auch die deutschen L\u00e4nder im Verwaltungsrat des Deutsch-Franz\u00f6sischen Jugendwerks vertritt, selbstverst\u00e4ndlich auch umgekehrt: &#8222;Wer Deutsch sprechen kann, wird Deutschland gern besuchen und hier leicht mit den Menschen ins Gespr\u00e4ch kommen. Ich bitte deshalb die franz\u00f6sische Bildungsministerin Vallaud-Belkacem, von ihren Pl\u00e4nen zur K\u00fcrzung des Fremdsprachenunterrichts in Frankreich Abstand zu nehmen. Die Sprache ist der Schl\u00fcssel zum Herzen der Menschen.&#8220;<br \/>\nDie franz\u00f6sische Bildungsministerin will ab 2016 den Deutschunterricht an Frankreichs Schulen sp\u00fcrbar k\u00fcrzen und die bilingualen Klassen und Europaklassen streichen.<\/p>\n<p><a href=\"https:\/\/www.frankensicht.de\/?attachment_id=7631\" rel=\"attachment wp-att-7631\"><img loading=\"lazy\" decoding=\"async\" class=\"alignnone size-medium wp-image-7631\" src=\"https:\/\/www.frankensicht.de\/wp-content\/uploads\/2014\/09\/deutschlandfahne-300x180.png\" alt=\"deutschlandfahne\" width=\"300\" height=\"180\" srcset=\"https:\/\/www.frankensicht.de\/wp-content\/uploads\/2014\/09\/deutschlandfahne-300x180.png 300w, https:\/\/www.frankensicht.de\/wp-content\/uploads\/2014\/09\/deutschlandfahne.png 1000w\" sizes=\"auto, (max-width: 300px) 100vw, 300px\" \/><\/a><br \/>\nMinister Spaenle erinnerte daran, dass Frankreich und die deutschen L\u00e4nder in den vergangenen Jahren intensive Bem\u00fchungen unternommen haben, um bei den jungen Menschen daf\u00fcr zu werben, sich die Sprache des Nachbarlands anzueignen. &#8222;In Bayern z.B. ist der Anteil der jungen Menschen, die an der Realschule und am Gymnasium Franz\u00f6sisch erlernen, kontinuierlich gestiegen. Die k\u00fcnftigen Generationen sind langfristig gefordert, die deutsch-franz\u00f6sische Freundschaft weiter entwickeln zu helfen, die der franz\u00f6sische Pr\u00e4sident Charles de Gaulle und Bundeskanzler Konrad Adenauer mit dem \u00c9lys\u00e9e-Vertrag vom 22. Januar 1963 besiegelt und damit das belastete Verh\u00e4ltnis zwischen den beiden Nachbarstaaten ins Positive gewendet haben&#8220;, schloss Minister Spaenle.<br \/>\nMinister Spaenle wird sich in einem Schreiben an die franz\u00f6sische Bildungsministerin wenden und sein Anliegen nochmals vortragen, das angesichts des Ziels, dass die Staaten Europas unter dem Dach der EU immer st\u00e4rker zusammenwachsen sollen, an Bedeutung gewinnt.<\/p>\n<p>Quelle:stmbw.bayern.de<\/p>\n","protected":false},"excerpt":{"rendered":"<p>M\u00fcnchen: Bayerns Kultusminister Spaenle zu den Pl\u00e4nen Frankreichs, den Deutschunterricht am Coll\u00e8ge zu k\u00fcrzen &#8211; &#8222;Die Sprache ist ein Schl\u00fcssel zum Herzen der Menschen&#8220; Bayerns Bildungsminister Dr. Ludwig Spaenle, der auch Sprecher der Kultusminister der unionsgef\u00fchrten L\u00e4nder ist, sorgt sich darum, dass eine K\u00fcrzung des Deutsch-Unterrichts am Coll\u00e8ge in Frankreich massive Auswirkungen auf die gelebte [&hellip;]<\/p>\n","protected":false},"author":7,"featured_media":7631,"comment_status":"closed","ping_status":"open","sticky":false,"template":"","format":"standard","meta":{"footnotes":""},"categories":[39,3],"tags":[1794],"class_list":["post-8628","post","type-post","status-publish","format-standard","has-post-thumbnail","hentry","category-europa","category-news","tag-deutsch-unterricht-frankreich"],"_links":{"self":[{"href":"https:\/\/www.frankensicht.de\/index.php?rest_route=\/wp\/v2\/posts\/8628","targetHints":{"allow":["GET"]}}],"collection":[{"href":"https:\/\/www.frankensicht.de\/index.php?rest_route=\/wp\/v2\/posts"}],"about":[{"href":"https:\/\/www.frankensicht.de\/index.php?rest_route=\/wp\/v2\/types\/post"}],"author":[{"embeddable":true,"href":"https:\/\/www.frankensicht.de\/index.php?rest_route=\/wp\/v2\/users\/7"}],"replies":[{"embeddable":true,"href":"https:\/\/www.frankensicht.de\/index.php?rest_route=%2Fwp%2Fv2%2Fcomments&post=8628"}],"version-history":[{"count":0,"href":"https:\/\/www.frankensicht.de\/index.php?rest_route=\/wp\/v2\/posts\/8628\/revisions"}],"wp:featuredmedia":[{"embeddable":true,"href":"https:\/\/www.frankensicht.de\/index.php?rest_route=\/wp\/v2\/media\/7631"}],"wp:attachment":[{"href":"https:\/\/www.frankensicht.de\/index.php?rest_route=%2Fwp%2Fv2%2Fmedia&parent=8628"}],"wp:term":[{"taxonomy":"category","embeddable":true,"href":"https:\/\/www.frankensicht.de\/index.php?rest_route=%2Fwp%2Fv2%2Fcategories&post=8628"},{"taxonomy":"post_tag","embeddable":true,"href":"https:\/\/www.frankensicht.de\/index.php?rest_route=%2Fwp%2Fv2%2Ftags&post=8628"}],"curies":[{"name":"wp","href":"https:\/\/api.w.org\/{rel}","templated":true}]}}